{"id":841,"date":"2025-11-17T00:50:01","date_gmt":"2025-11-16T21:50:01","guid":{"rendered":"https:\/\/www.kirsehirses.com\/?p=841"},"modified":"2025-11-17T00:50:01","modified_gmt":"2025-11-16T21:50:01","slug":"akcakentte-yilin-ilk-kari-yagdi","status":"publish","type":"post","link":"https:\/\/www.kirsehirses.com\/index.php\/2025\/11\/17\/akcakentte-yilin-ilk-kari-yagdi\/","title":{"rendered":"Ak\u00e7akent\u2019te Y\u0131l\u0131n \u0130lk Kar\u0131 Ya\u011fd\u0131"},"content":{"rendered":"<p data-start=\"0\" data-end=\"36\"><strong data-start=\"0\" data-end=\"36\">Ak\u00e7akent\u2019te Y\u0131l\u0131n \u0130lk Kar\u0131 Ya\u011fd\u0131<\/strong><\/p>\n<p data-start=\"0\" data-end=\"36\"><img loading=\"lazy\" decoding=\"async\" class=\"alignnone size-full wp-image-842\" src=\"https:\/\/www.kirsehirses.com\/wp-content\/uploads\/2025\/11\/WhatsApp-Gorsel-2025-11-15-saat-12.49.28_70bd0920.jpg\" alt=\"\" width=\"892\" height=\"650\" srcset=\"https:\/\/www.kirsehirses.com\/wp-content\/uploads\/2025\/11\/WhatsApp-Gorsel-2025-11-15-saat-12.49.28_70bd0920.jpg 892w, https:\/\/www.kirsehirses.com\/wp-content\/uploads\/2025\/11\/WhatsApp-Gorsel-2025-11-15-saat-12.49.28_70bd0920-300x219.jpg 300w, https:\/\/www.kirsehirses.com\/wp-content\/uploads\/2025\/11\/WhatsApp-Gorsel-2025-11-15-saat-12.49.28_70bd0920-768x560.jpg 768w\" sizes=\"auto, (max-width: 892px) 100vw, 892px\" \/><\/p>\n<p data-start=\"38\" data-end=\"223\">K\u0131r\u015fehir\u2019in en y\u00fcksek rak\u0131ml\u0131 il\u00e7esi Ak\u00e7akent, sabah saatlerinde ba\u015flayan kar ya\u011f\u0131\u015f\u0131yla birlikte beyaza b\u00fcr\u00fcnd\u00fc. \u0130l\u00e7ede etkili olan kar, y\u00fcksek rak\u0131ml\u0131 b\u00f6lgelerde yo\u011fun \u015fekilde g\u00f6r\u00fcld\u00fc.<\/p>\n<p data-start=\"225\" data-end=\"404\" data-is-last-node=\"\" data-is-only-node=\"\">K\u0131r\u015fehir genelinde da\u011flar ve y\u00fcksek kesimler de karla kapland\u0131. So\u011fuk havan\u0131n birka\u00e7 g\u00fcn daha etkisini s\u00fcrd\u00fcrece\u011fi, ard\u0131ndan s\u0131cakl\u0131klar\u0131n mevsim normallerine d\u00f6nece\u011fi bildirildi.<\/p>\n","protected":false},"excerpt":{"rendered":"<p>Ak\u00e7akent\u2019te Y\u0131l\u0131n \u0130lk Kar\u0131 Ya\u011fd\u0131 K\u0131r\u015fehir\u2019in en y\u00fcksek rak\u0131ml\u0131 il\u00e7esi Ak\u00e7akent, sabah saatlerinde ba\u015flayan kar ya\u011f\u0131\u015f\u0131yla birlikte beyaza b\u00fcr\u00fcnd\u00fc. \u0130l\u00e7ede etkili olan kar, y\u00fcksek rak\u0131ml\u0131 b\u00f6lgelerde yo\u011fun \u015fekilde g\u00f6r\u00fcld\u00fc. K\u0131r\u015fehir genelinde da\u011flar ve y\u00fcksek kesimler de karla kapland\u0131. So\u011fuk havan\u0131n birka\u00e7 g\u00fcn daha etkisini s\u00fcrd\u00fcrece\u011fi, ard\u0131ndan s\u0131cakl\u0131klar\u0131n mevsim normallerine d\u00f6nece\u011fi bildirildi.<\/p>\n","protected":false},"author":1,"featured_media":843,"comment_status":"open","ping_status":"open","sticky":false,"template":"","format":"standard","meta":{"footnotes":""},"categories":[8],"tags":[],"class_list":["post-841","post","type-post","status-publish","format-standard","has-post-thumbnail","hentry","category-kirsehir"],"_links":{"self":[{"href":"https:\/\/www.kirsehirses.com\/index.php\/wp-json\/wp\/v2\/posts\/841","targetHints":{"allow":["GET"]}}],"collection":[{"href":"https:\/\/www.kirsehirses.com\/index.php\/wp-json\/wp\/v2\/posts"}],"about":[{"href":"https:\/\/www.kirsehirses.com\/index.php\/wp-json\/wp\/v2\/types\/post"}],"author":[{"embeddable":true,"href":"https:\/\/www.kirsehirses.com\/index.php\/wp-json\/wp\/v2\/users\/1"}],"replies":[{"embeddable":true,"href":"https:\/\/www.kirsehirses.com\/index.php\/wp-json\/wp\/v2\/comments?post=841"}],"version-history":[{"count":1,"href":"https:\/\/www.kirsehirses.com\/index.php\/wp-json\/wp\/v2\/posts\/841\/revisions"}],"predecessor-version":[{"id":844,"href":"https:\/\/www.kirsehirses.com\/index.php\/wp-json\/wp\/v2\/posts\/841\/revisions\/844"}],"wp:featuredmedia":[{"embeddable":true,"href":"https:\/\/www.kirsehirses.com\/index.php\/wp-json\/wp\/v2\/media\/843"}],"wp:attachment":[{"href":"https:\/\/www.kirsehirses.com\/index.php\/wp-json\/wp\/v2\/media?parent=841"}],"wp:term":[{"taxonomy":"category","embeddable":true,"href":"https:\/\/www.kirsehirses.com\/index.php\/wp-json\/wp\/v2\/categories?post=841"},{"taxonomy":"post_tag","embeddable":true,"href":"https:\/\/www.kirsehirses.com\/index.php\/wp-json\/wp\/v2\/tags?post=841"}],"curies":[{"name":"wp","href":"https:\/\/api.w.org\/{rel}","templated":true}]}}