{"id":848,"date":"2025-11-17T00:54:55","date_gmt":"2025-11-16T21:54:55","guid":{"rendered":"https:\/\/www.kirsehirses.com\/?p=848"},"modified":"2025-11-17T00:54:55","modified_gmt":"2025-11-16T21:54:55","slug":"boztepede-mandira-iscisi-makineye-duserek-hayatini-kaybetti","status":"publish","type":"post","link":"https:\/\/www.kirsehirses.com\/index.php\/2025\/11\/17\/boztepede-mandira-iscisi-makineye-duserek-hayatini-kaybetti\/","title":{"rendered":"Boztepe\u2019de Mand\u0131ra \u0130\u015f\u00e7isi Makineye D\u00fc\u015ferek Hayat\u0131n\u0131 Kaybetti"},"content":{"rendered":"<p data-start=\"0\" data-end=\"66\"><strong data-start=\"0\" data-end=\"64\">Boztepe\u2019de Mand\u0131ra \u0130\u015f\u00e7isi Makineye D\u00fc\u015ferek Hayat\u0131n\u0131 Kaybetti<\/strong><\/p>\n<p data-start=\"68\" data-end=\"193\">Boztepe il\u00e7esinde bir mand\u0131rada \u00e7al\u0131\u015fan 26 ya\u015f\u0131ndaki Afgan uyruklu M. M. \u0130., yem karma makinesine d\u00fc\u015ferek ya\u015fam\u0131n\u0131 yitirdi.<\/p>\n<p data-start=\"195\" data-end=\"466\">Olay, Ba\u011fba\u015f\u0131 Mahallesi\u2019ndeki mand\u0131rada ak\u015fam saatlerinde meydana geldi. \u0130ddialara g\u00f6re, yem d\u00f6kme i\u015flemi s\u0131ras\u0131nda dengesini kaybeden gen\u00e7 i\u015f\u00e7i, \u00e7al\u0131\u015f\u0131r durumdaki makineye d\u00fc\u015ft\u00fc. Olay\u0131 g\u00f6ren arkada\u015flar\u0131n\u0131n ihbar\u0131 \u00fczerine sa\u011fl\u0131k ve polis ekipleri mand\u0131raya sevk edildi.<\/p>\n<p data-start=\"468\" data-end=\"646\" data-is-last-node=\"\" data-is-only-node=\"\">M. M. \u0130.\u2019nin olay yerinde hayat\u0131n\u0131 kaybetti\u011fi tespit edilirken, cenazesi K\u0131r\u015fehir E\u011fitim ve Ara\u015ft\u0131rma Hastanesi morguna kald\u0131r\u0131ld\u0131. Olayla ilgili geni\u015f \u00e7apl\u0131 inceleme ba\u015flat\u0131ld\u0131.<\/p>\n","protected":false},"excerpt":{"rendered":"<p>Boztepe\u2019de Mand\u0131ra \u0130\u015f\u00e7isi Makineye D\u00fc\u015ferek Hayat\u0131n\u0131 Kaybetti Boztepe il\u00e7esinde bir mand\u0131rada \u00e7al\u0131\u015fan 26 ya\u015f\u0131ndaki Afgan uyruklu M. M. \u0130., yem karma makinesine d\u00fc\u015ferek ya\u015fam\u0131n\u0131 yitirdi. Olay, Ba\u011fba\u015f\u0131 Mahallesi\u2019ndeki mand\u0131rada ak\u015fam saatlerinde meydana geldi. \u0130ddialara g\u00f6re, yem d\u00f6kme i\u015flemi s\u0131ras\u0131nda dengesini kaybeden gen\u00e7 i\u015f\u00e7i, \u00e7al\u0131\u015f\u0131r durumdaki makineye d\u00fc\u015ft\u00fc. Olay\u0131 g\u00f6ren arkada\u015flar\u0131n\u0131n ihbar\u0131 \u00fczerine sa\u011fl\u0131k ve polis [&hellip;]<\/p>\n","protected":false},"author":1,"featured_media":849,"comment_status":"open","ping_status":"open","sticky":false,"template":"","format":"standard","meta":{"footnotes":""},"categories":[8],"tags":[],"class_list":["post-848","post","type-post","status-publish","format-standard","has-post-thumbnail","hentry","category-kirsehir"],"_links":{"self":[{"href":"https:\/\/www.kirsehirses.com\/index.php\/wp-json\/wp\/v2\/posts\/848","targetHints":{"allow":["GET"]}}],"collection":[{"href":"https:\/\/www.kirsehirses.com\/index.php\/wp-json\/wp\/v2\/posts"}],"about":[{"href":"https:\/\/www.kirsehirses.com\/index.php\/wp-json\/wp\/v2\/types\/post"}],"author":[{"embeddable":true,"href":"https:\/\/www.kirsehirses.com\/index.php\/wp-json\/wp\/v2\/users\/1"}],"replies":[{"embeddable":true,"href":"https:\/\/www.kirsehirses.com\/index.php\/wp-json\/wp\/v2\/comments?post=848"}],"version-history":[{"count":1,"href":"https:\/\/www.kirsehirses.com\/index.php\/wp-json\/wp\/v2\/posts\/848\/revisions"}],"predecessor-version":[{"id":850,"href":"https:\/\/www.kirsehirses.com\/index.php\/wp-json\/wp\/v2\/posts\/848\/revisions\/850"}],"wp:featuredmedia":[{"embeddable":true,"href":"https:\/\/www.kirsehirses.com\/index.php\/wp-json\/wp\/v2\/media\/849"}],"wp:attachment":[{"href":"https:\/\/www.kirsehirses.com\/index.php\/wp-json\/wp\/v2\/media?parent=848"}],"wp:term":[{"taxonomy":"category","embeddable":true,"href":"https:\/\/www.kirsehirses.com\/index.php\/wp-json\/wp\/v2\/categories?post=848"},{"taxonomy":"post_tag","embeddable":true,"href":"https:\/\/www.kirsehirses.com\/index.php\/wp-json\/wp\/v2\/tags?post=848"}],"curies":[{"name":"wp","href":"https:\/\/api.w.org\/{rel}","templated":true}]}}