{"id":851,"date":"2025-11-17T01:02:01","date_gmt":"2025-11-16T22:02:01","guid":{"rendered":"https:\/\/www.kirsehirses.com\/?p=851"},"modified":"2025-11-17T01:02:01","modified_gmt":"2025-11-16T22:02:01","slug":"arayis","status":"publish","type":"post","link":"https:\/\/www.kirsehirses.com\/index.php\/2025\/11\/17\/arayis\/","title":{"rendered":"ARAYI\u015e"},"content":{"rendered":"<p>ARAYI\u015e<\/p>\n<p>A\u011f\u0131d\u0131m\u0131 dinleyip susuverdi mart\u0131lar,<br \/>\nG\u00f6zya\u015f\u0131m\u0131 g\u00f6r\u00fcnce \u00e7ekildi birden sular,<br \/>\nAvutmuyor g\u00f6nl\u00fcm\u00fc bu \u015fiirler, \u015fark\u0131lar,<br \/>\nBir hayal sevdal\u0131y\u0131 k\u0131y\u0131larda arad\u0131m.<\/p>\n<p>Kayalarda nak\u0131\u015fl\u0131 yosunu g\u00f6z\u00fcn sand\u0131m,<br \/>\nDalgalar\u0131n sesini verilmi\u015f s\u00f6z\u00fcn sand\u0131m,<br \/>\nNi\u015fan\u0131m\u0131 baharda, d\u00fc\u011f\u00fcn\u00fcm g\u00fcz\u00fcn sand\u0131m,<br \/>\nYa\u015fanmam\u0131\u015f bir a\u015fk\u0131 hep sularda arad\u0131m.<\/p>\n<p>Uzakla\u015fan \u015fu tekne ka\u00e7\u0131\u015f\u0131n\u0131 and\u0131r\u0131r,<br \/>\nSen s\u00f6yle hangi seven sevdi\u011fini kand\u0131r\u0131r?<br \/>\nSanma Asl\u0131, Kerem\u2019i benim kadar yand\u0131r\u0131r,<br \/>\nSeni g\u00fcnde, gecede, uykularda arad\u0131m.<\/p>\n<p>Hani insan elinden bal\u0131klar hep kayar ya!<br \/>\nHani ger\u00e7ek sevenler durmadan g\u00fcn sayar ya!<br \/>\nHani ayr\u0131 kalanlar a\u011flamaya doyar ya!<br \/>\nSevda denen ate\u015fi sayg\u0131larda arad\u0131m.<\/p>\n<p>Sularla dertle\u015firken \u00f6n\u00fcmden bir k\u0131z ge\u00e7ti,<br \/>\nBaht\u0131m\u0131n kap\u0131s\u0131ndan bir e\u015fsiz y\u0131ld\u0131z ge\u00e7ti.<br \/>\nTekleyen y\u00fcre\u011fimi \u00e7alan bir h\u0131rs\u0131z ge\u00e7ti<br \/>\n\u201cVefa\u201d denen bir borcu duygularda arad\u0131m.<\/p>\n<p>\u0130\u015fte o g\u00fcn bu g\u00fcnd\u00fcr k\u0131y\u0131larda \u00fc\u015f\u00fcr\u00fcm.<br \/>\n\u201cBu sab\u0131r neden? ! . .\u201d diye kendimle d\u00f6v\u00fc\u015f\u00fcr\u00fcm.<br \/>\n\u00d6zlemlerle sava\u015f\u0131r, dertlerle sevi\u015firim.<br \/>\n\u00dcmidi, mutlulu\u011fu sevgilerde arad\u0131m.<\/p>\n<p>\u00c7erkez BOZDA\u011e<\/p>\n","protected":false},"excerpt":{"rendered":"<p>ARAYI\u015e A\u011f\u0131d\u0131m\u0131 dinleyip susuverdi mart\u0131lar, G\u00f6zya\u015f\u0131m\u0131 g\u00f6r\u00fcnce \u00e7ekildi birden sular, Avutmuyor g\u00f6nl\u00fcm\u00fc bu \u015fiirler, \u015fark\u0131lar, Bir hayal sevdal\u0131y\u0131 k\u0131y\u0131larda arad\u0131m. Kayalarda nak\u0131\u015fl\u0131 yosunu g\u00f6z\u00fcn sand\u0131m, Dalgalar\u0131n sesini verilmi\u015f s\u00f6z\u00fcn sand\u0131m, Ni\u015fan\u0131m\u0131 baharda, d\u00fc\u011f\u00fcn\u00fcm g\u00fcz\u00fcn sand\u0131m, Ya\u015fanmam\u0131\u015f bir a\u015fk\u0131 hep sularda arad\u0131m. Uzakla\u015fan \u015fu tekne ka\u00e7\u0131\u015f\u0131n\u0131 and\u0131r\u0131r, Sen s\u00f6yle hangi seven sevdi\u011fini kand\u0131r\u0131r? Sanma Asl\u0131, Kerem\u2019i [&hellip;]<\/p>\n","protected":false},"author":1,"featured_media":852,"comment_status":"open","ping_status":"open","sticky":false,"template":"","format":"standard","meta":{"footnotes":""},"categories":[8],"tags":[],"class_list":["post-851","post","type-post","status-publish","format-standard","has-post-thumbnail","hentry","category-kirsehir"],"_links":{"self":[{"href":"https:\/\/www.kirsehirses.com\/index.php\/wp-json\/wp\/v2\/posts\/851","targetHints":{"allow":["GET"]}}],"collection":[{"href":"https:\/\/www.kirsehirses.com\/index.php\/wp-json\/wp\/v2\/posts"}],"about":[{"href":"https:\/\/www.kirsehirses.com\/index.php\/wp-json\/wp\/v2\/types\/post"}],"author":[{"embeddable":true,"href":"https:\/\/www.kirsehirses.com\/index.php\/wp-json\/wp\/v2\/users\/1"}],"replies":[{"embeddable":true,"href":"https:\/\/www.kirsehirses.com\/index.php\/wp-json\/wp\/v2\/comments?post=851"}],"version-history":[{"count":1,"href":"https:\/\/www.kirsehirses.com\/index.php\/wp-json\/wp\/v2\/posts\/851\/revisions"}],"predecessor-version":[{"id":853,"href":"https:\/\/www.kirsehirses.com\/index.php\/wp-json\/wp\/v2\/posts\/851\/revisions\/853"}],"wp:featuredmedia":[{"embeddable":true,"href":"https:\/\/www.kirsehirses.com\/index.php\/wp-json\/wp\/v2\/media\/852"}],"wp:attachment":[{"href":"https:\/\/www.kirsehirses.com\/index.php\/wp-json\/wp\/v2\/media?parent=851"}],"wp:term":[{"taxonomy":"category","embeddable":true,"href":"https:\/\/www.kirsehirses.com\/index.php\/wp-json\/wp\/v2\/categories?post=851"},{"taxonomy":"post_tag","embeddable":true,"href":"https:\/\/www.kirsehirses.com\/index.php\/wp-json\/wp\/v2\/tags?post=851"}],"curies":[{"name":"wp","href":"https:\/\/api.w.org\/{rel}","templated":true}]}}