{"id":854,"date":"2025-11-18T01:23:42","date_gmt":"2025-11-17T22:23:42","guid":{"rendered":"https:\/\/www.kirsehirses.com\/?p=854"},"modified":"2025-11-18T01:24:08","modified_gmt":"2025-11-17T22:24:08","slug":"kirsehirin-de-aralarinda-bulundugu-illerde-71-supheli-yakalandi","status":"publish","type":"post","link":"https:\/\/www.kirsehirses.com\/index.php\/2025\/11\/18\/kirsehirin-de-aralarinda-bulundugu-illerde-71-supheli-yakalandi\/","title":{"rendered":"K\u0131r\u015fehir\u2019in de Aralar\u0131nda Bulundu\u011fu \u0130llerde 71 \u015e\u00fcpheli Yakaland\u0131"},"content":{"rendered":"<p data-start=\"0\" data-end=\"132\"><strong data-start=\"0\" data-end=\"132\">\u0130stanbul merkezli FET\u00d6 operasyonunda 27 ilde e\u015f zamanl\u0131 bask\u0131n: K\u0131r\u015fehir\u2019in de aralar\u0131nda bulundu\u011fu illerde 71 \u015f\u00fcpheli yakaland\u0131<\/strong><\/p>\n<p data-start=\"134\" data-end=\"477\">\u0130stanbul Cumhuriyet Ba\u015fsavc\u0131l\u0131\u011f\u0131 taraf\u0131ndan y\u00fcr\u00fct\u00fclen soru\u015fturma kapsam\u0131nda, FET\u00d6\/PDY\u2019nin emniyet mahrem yap\u0131lanmas\u0131na y\u00f6nelik bu sabah geni\u015f kapsaml\u0131 bir operasyon d\u00fczenlendi. \u0130stanbul merkezli 27 ilde yap\u0131lan e\u015f zamanl\u0131 operasyonlarda, aralar\u0131nda K\u0131r\u015fehir\u2019in de bulundu\u011fu bir\u00e7ok ilde \u015f\u00fcphelilere y\u00f6nelik g\u00f6zalt\u0131 i\u015flemleri ger\u00e7ekle\u015ftirildi.<\/p>\n<p data-start=\"479\" data-end=\"774\">Operasyon, Ka\u00e7ak\u00e7\u0131l\u0131k Su\u00e7lar\u0131yla M\u00fccadele \u015eube M\u00fcd\u00fcrl\u00fc\u011f\u00fc ekiplerinin uzun s\u00fcredir y\u00fcr\u00fctt\u00fc\u011f\u00fc teknik ve fiziki \u00e7al\u0131\u015fmalar\u0131n ard\u0131ndan saat 06.00\u2019da ba\u015flat\u0131ld\u0131. Soru\u015fturma kapsam\u0131nda, \u00f6rg\u00fct i\u00e7inde \u201cmahrem imam\u201d olarak faaliyet y\u00fcr\u00fctt\u00fckleri de\u011ferlendirilen 80 ki\u015fi hakk\u0131nda yakalama karar\u0131 \u00e7\u0131kar\u0131ld\u0131.<\/p>\n<p data-start=\"776\" data-end=\"827\"><strong data-start=\"776\" data-end=\"827\">71 \u015f\u00fcpheli yakaland\u0131, 1 ki\u015fi i\u00e7in arama s\u00fcr\u00fcyor<\/strong><\/p>\n<p data-start=\"829\" data-end=\"970\">Ekipler, 80 \u015f\u00fcpheliden 71\u2019ini g\u00f6zalt\u0131na ald\u0131. 8 ki\u015finin yurtd\u0131\u015f\u0131nda bulundu\u011fu tespit edilirken, firari 1 ki\u015fi i\u00e7in \u00e7al\u0131\u015fmalar devam ediyor.<\/p>\n<p data-start=\"972\" data-end=\"1275\">Soru\u015fturmada ad\u0131 ge\u00e7en \u015f\u00fcphelilerin; \u00f6rg\u00fcte ait \u015firketlerde \u00e7al\u0131\u015ft\u0131klar\u0131, gizli haberle\u015fme y\u00f6ntemlerini kulland\u0131klar\u0131, ByLock ve Bank Asya kay\u0131tlar\u0131n\u0131n bulundu\u011fu, ayr\u0131ca \u00f6rg\u00fct\u00fcn ard\u0131\u015f\u0131k arama y\u00f6ntemine dahil olduklar\u0131 belirlendi. Baz\u0131 \u015f\u00fcpheliler hakk\u0131nda itiraf\u00e7\u0131 beyanlar\u0131n\u0131n oldu\u011fu da dosyaya yans\u0131d\u0131.<\/p>\n<p data-start=\"1277\" data-end=\"1350\"><strong data-start=\"1277\" data-end=\"1350\">27 ilde e\u015f zamanl\u0131 operasyon: K\u0131r\u015fehir\u2019de de adreslere bask\u0131n yap\u0131ld\u0131<\/strong><\/p>\n<p data-start=\"1352\" data-end=\"1596\">Operasyon \u0130stanbul merkezli y\u00fcr\u00fct\u00fcl\u00fcrken; K\u0131r\u015fehir, Adana, Ankara, Antalya, Bal\u0131kesir, Batman, Konya, Kayseri, \u0130zmir, Gaziantep, Sivas, Bursa, Mersin, Ayd\u0131n, Amasya ve Zonguldak\u2019\u0131n da aralar\u0131nda oldu\u011fu 27 ilde e\u015f zamanl\u0131 bask\u0131nlar d\u00fczenlendi.<\/p>\n<p data-start=\"1598\" data-end=\"1701\">K\u0131r\u015fehir\u2019de belirlenen adreslere yap\u0131lan operasyonlarda baz\u0131 \u015f\u00fcphelilerin g\u00f6zalt\u0131na al\u0131nd\u0131\u011f\u0131 \u00f6\u011frenildi.<\/p>\n<p data-start=\"1703\" data-end=\"1756\"><strong data-start=\"1703\" data-end=\"1756\">Kamu ve \u00f6zel sekt\u00f6rde aktif \u00e7al\u0131\u015fanlar da listede<\/strong><\/p>\n<p data-start=\"1758\" data-end=\"2013\">G\u00f6zalt\u0131 karar\u0131 verilen 80 ki\u015fiden 40\u2019\u0131n\u0131n kamu g\u00f6revlisi oldu\u011fu, bu ki\u015filer aras\u0131nda \u00f6\u011fretmen, ara\u015ft\u0131rma g\u00f6revlisi ve doktor gibi mesleklerde aktif olarak g\u00f6rev yapanlar\u0131n bulundu\u011fu belirlendi. Di\u011fer 40 \u015f\u00fcphelinin ise \u00f6zel sekt\u00f6rde \u00e7al\u0131\u015ft\u0131\u011f\u0131 ifade edildi.<\/p>\n<p data-start=\"2015\" data-end=\"2060\"><strong data-start=\"2015\" data-end=\"2060\">Bakanl\u0131k: \u201cM\u00fccadele kararl\u0131l\u0131kla s\u00fcr\u00fcyor\u201d<\/strong><\/p>\n<p data-start=\"2062\" data-end=\"2348\">Operasyona ili\u015fkin \u0130\u00e7i\u015fleri Bakanl\u0131\u011f\u0131 taraf\u0131ndan yap\u0131lan a\u00e7\u0131klamada, \u00f6rg\u00fct\u00fcn kamuya s\u0131zma giri\u015fimlerine kar\u015f\u0131 y\u00fcr\u00fct\u00fclen m\u00fccadelenin kesintisiz \u015fekilde s\u00fcrd\u00fc\u011f\u00fc vurguland\u0131.<br data-start=\"2232\" data-end=\"2235\" \/>Bakanl\u0131k a\u00e7\u0131klamas\u0131nda, devletin g\u00fcvenli\u011fine y\u00f6nelik yap\u0131lanmalara kar\u015f\u0131 operasyonlar\u0131n devam edece\u011fi belirtildi.<\/p>\n","protected":false},"excerpt":{"rendered":"<p>\u0130stanbul merkezli FET\u00d6 operasyonunda 27 ilde e\u015f zamanl\u0131 bask\u0131n: K\u0131r\u015fehir\u2019in de aralar\u0131nda bulundu\u011fu illerde 71 \u015f\u00fcpheli yakaland\u0131 \u0130stanbul Cumhuriyet Ba\u015fsavc\u0131l\u0131\u011f\u0131 taraf\u0131ndan y\u00fcr\u00fct\u00fclen soru\u015fturma kapsam\u0131nda, FET\u00d6\/PDY\u2019nin emniyet mahrem yap\u0131lanmas\u0131na y\u00f6nelik bu sabah geni\u015f kapsaml\u0131 bir operasyon d\u00fczenlendi. \u0130stanbul merkezli 27 ilde yap\u0131lan e\u015f zamanl\u0131 operasyonlarda, aralar\u0131nda K\u0131r\u015fehir\u2019in de bulundu\u011fu bir\u00e7ok ilde \u015f\u00fcphelilere y\u00f6nelik g\u00f6zalt\u0131 i\u015flemleri ger\u00e7ekle\u015ftirildi. [&hellip;]<\/p>\n","protected":false},"author":1,"featured_media":855,"comment_status":"open","ping_status":"open","sticky":false,"template":"","format":"standard","meta":{"footnotes":""},"categories":[8,7],"tags":[],"class_list":["post-854","post","type-post","status-publish","format-standard","has-post-thumbnail","hentry","category-kirsehir","category-turkiye"],"_links":{"self":[{"href":"https:\/\/www.kirsehirses.com\/index.php\/wp-json\/wp\/v2\/posts\/854","targetHints":{"allow":["GET"]}}],"collection":[{"href":"https:\/\/www.kirsehirses.com\/index.php\/wp-json\/wp\/v2\/posts"}],"about":[{"href":"https:\/\/www.kirsehirses.com\/index.php\/wp-json\/wp\/v2\/types\/post"}],"author":[{"embeddable":true,"href":"https:\/\/www.kirsehirses.com\/index.php\/wp-json\/wp\/v2\/users\/1"}],"replies":[{"embeddable":true,"href":"https:\/\/www.kirsehirses.com\/index.php\/wp-json\/wp\/v2\/comments?post=854"}],"version-history":[{"count":2,"href":"https:\/\/www.kirsehirses.com\/index.php\/wp-json\/wp\/v2\/posts\/854\/revisions"}],"predecessor-version":[{"id":857,"href":"https:\/\/www.kirsehirses.com\/index.php\/wp-json\/wp\/v2\/posts\/854\/revisions\/857"}],"wp:featuredmedia":[{"embeddable":true,"href":"https:\/\/www.kirsehirses.com\/index.php\/wp-json\/wp\/v2\/media\/855"}],"wp:attachment":[{"href":"https:\/\/www.kirsehirses.com\/index.php\/wp-json\/wp\/v2\/media?parent=854"}],"wp:term":[{"taxonomy":"category","embeddable":true,"href":"https:\/\/www.kirsehirses.com\/index.php\/wp-json\/wp\/v2\/categories?post=854"},{"taxonomy":"post_tag","embeddable":true,"href":"https:\/\/www.kirsehirses.com\/index.php\/wp-json\/wp\/v2\/tags?post=854"}],"curies":[{"name":"wp","href":"https:\/\/api.w.org\/{rel}","templated":true}]}}