{"id":867,"date":"2025-11-22T04:14:15","date_gmt":"2025-11-22T01:14:15","guid":{"rendered":"https:\/\/www.kirsehirses.com\/?p=867"},"modified":"2025-11-22T04:14:15","modified_gmt":"2025-11-22T01:14:15","slug":"kirsehirde-il-genel-meclisi-hatira-ormani-olusturuldu","status":"publish","type":"post","link":"https:\/\/www.kirsehirses.com\/index.php\/2025\/11\/22\/kirsehirde-il-genel-meclisi-hatira-ormani-olusturuldu\/","title":{"rendered":"K\u0131r\u015fehir\u2019de \u0130l Genel Meclisi Hat\u0131ra Orman\u0131 Olu\u015fturuldu"},"content":{"rendered":"<p data-start=\"91\" data-end=\"151\"><strong data-start=\"91\" data-end=\"149\">K\u0131r\u015fehir\u2019de \u0130l Genel Meclisi Hat\u0131ra Orman\u0131 Olu\u015fturuldu<\/strong><\/p>\n<p data-start=\"153\" data-end=\"388\">K\u0131r\u015fehir \u0130l Genel Meclisi \u00fcyeleri, Ba\u015fkan B\u00fclent Ozan \u00f6nc\u00fcl\u00fc\u011f\u00fcnde Valilik ziyaretinde bulundu. Ziyaretin ard\u0131ndan Akp\u0131nar il\u00e7esinde \u201cK\u0131r\u015fehir \u0130l Genel Meclisi Hat\u0131ra Orman\u0131\u201d olu\u015fturmak amac\u0131yla fidan dikim etkinli\u011fi ger\u00e7ekle\u015ftirildi.<\/p>\n<p data-start=\"390\" data-end=\"728\">Fidan dikimi, Valilik taraf\u0131ndan ba\u015flat\u0131lan \u201cK\u0131r\u015fehir\u2019de Nefes Alan, K\u0131r\u015fehir\u2019e Nefes Veriyor Projesi\u201d kapsam\u0131nda yap\u0131ld\u0131. Etkinli\u011fe Vali Murat Sefa Demiry\u00fcrek\u2019in yan\u0131 s\u0131ra Vali Yard\u0131mc\u0131s\u0131 Yasin \u00d6zcan, Akp\u0131nar Kaymakam\u0131 Ali Erdo\u011fan, \u0130l Genel Meclis Ba\u015fkan\u0131 B\u00fclent Ozan ve Meclis \u00fcyeleri ile \u0130l \u00d6zel \u0130dare m\u00fcd\u00fcrleri ve personeli kat\u0131ld\u0131.<\/p>\n<p data-start=\"730\" data-end=\"980\">Etkinlikte, kat\u0131l\u0131mc\u0131lar hem \u00e7evre bilincini destekleyen hem de b\u00f6lgedeki ye\u015fil alanlar\u0131 art\u0131rmay\u0131 ama\u00e7layan fidanlar\u0131 toprakla bulu\u015fturdu. Projenin, K\u0131r\u015fehir\u2019in do\u011fal ya\u015fam\u0131na katk\u0131 sa\u011flamas\u0131 ve halk\u0131n \u00e7evreye duyarl\u0131l\u0131\u011f\u0131n\u0131 art\u0131rmas\u0131 hedefleniyor.<\/p>\n","protected":false},"excerpt":{"rendered":"<p>K\u0131r\u015fehir\u2019de \u0130l Genel Meclisi Hat\u0131ra Orman\u0131 Olu\u015fturuldu K\u0131r\u015fehir \u0130l Genel Meclisi \u00fcyeleri, Ba\u015fkan B\u00fclent Ozan \u00f6nc\u00fcl\u00fc\u011f\u00fcnde Valilik ziyaretinde bulundu. Ziyaretin ard\u0131ndan Akp\u0131nar il\u00e7esinde \u201cK\u0131r\u015fehir \u0130l Genel Meclisi Hat\u0131ra Orman\u0131\u201d olu\u015fturmak amac\u0131yla fidan dikim etkinli\u011fi ger\u00e7ekle\u015ftirildi. Fidan dikimi, Valilik taraf\u0131ndan ba\u015flat\u0131lan \u201cK\u0131r\u015fehir\u2019de Nefes Alan, K\u0131r\u015fehir\u2019e Nefes Veriyor Projesi\u201d kapsam\u0131nda yap\u0131ld\u0131. Etkinli\u011fe Vali Murat Sefa Demiry\u00fcrek\u2019in yan\u0131 [&hellip;]<\/p>\n","protected":false},"author":1,"featured_media":868,"comment_status":"open","ping_status":"open","sticky":false,"template":"","format":"standard","meta":{"footnotes":""},"categories":[8],"tags":[],"class_list":["post-867","post","type-post","status-publish","format-standard","has-post-thumbnail","hentry","category-kirsehir"],"_links":{"self":[{"href":"https:\/\/www.kirsehirses.com\/index.php\/wp-json\/wp\/v2\/posts\/867","targetHints":{"allow":["GET"]}}],"collection":[{"href":"https:\/\/www.kirsehirses.com\/index.php\/wp-json\/wp\/v2\/posts"}],"about":[{"href":"https:\/\/www.kirsehirses.com\/index.php\/wp-json\/wp\/v2\/types\/post"}],"author":[{"embeddable":true,"href":"https:\/\/www.kirsehirses.com\/index.php\/wp-json\/wp\/v2\/users\/1"}],"replies":[{"embeddable":true,"href":"https:\/\/www.kirsehirses.com\/index.php\/wp-json\/wp\/v2\/comments?post=867"}],"version-history":[{"count":1,"href":"https:\/\/www.kirsehirses.com\/index.php\/wp-json\/wp\/v2\/posts\/867\/revisions"}],"predecessor-version":[{"id":869,"href":"https:\/\/www.kirsehirses.com\/index.php\/wp-json\/wp\/v2\/posts\/867\/revisions\/869"}],"wp:featuredmedia":[{"embeddable":true,"href":"https:\/\/www.kirsehirses.com\/index.php\/wp-json\/wp\/v2\/media\/868"}],"wp:attachment":[{"href":"https:\/\/www.kirsehirses.com\/index.php\/wp-json\/wp\/v2\/media?parent=867"}],"wp:term":[{"taxonomy":"category","embeddable":true,"href":"https:\/\/www.kirsehirses.com\/index.php\/wp-json\/wp\/v2\/categories?post=867"},{"taxonomy":"post_tag","embeddable":true,"href":"https:\/\/www.kirsehirses.com\/index.php\/wp-json\/wp\/v2\/tags?post=867"}],"curies":[{"name":"wp","href":"https:\/\/api.w.org\/{rel}","templated":true}]}}