{"id":870,"date":"2025-11-22T04:21:58","date_gmt":"2025-11-22T01:21:58","guid":{"rendered":"https:\/\/www.kirsehirses.com\/?p=870"},"modified":"2025-11-22T04:21:58","modified_gmt":"2025-11-22T01:21:58","slug":"a-milli-futbol-takimi-dunya-kupasi-bileti-icin-play-offta-mucadele-edecek","status":"publish","type":"post","link":"https:\/\/www.kirsehirses.com\/index.php\/2025\/11\/22\/a-milli-futbol-takimi-dunya-kupasi-bileti-icin-play-offta-mucadele-edecek\/","title":{"rendered":"A Milli Futbol Tak\u0131m\u0131, D\u00fcnya Kupas\u0131 Bileti \u0130\u00e7in Play-Off\u2019ta M\u00fccadele Edecek"},"content":{"rendered":"<p data-start=\"87\" data-end=\"168\"><strong data-start=\"87\" data-end=\"166\">A Milli Futbol Tak\u0131m\u0131, D\u00fcnya Kupas\u0131 Bileti \u0130\u00e7in Play-Off\u2019ta M\u00fccadele Edecek<\/strong><\/p>\n<p data-start=\"170\" data-end=\"596\">2026 FIFA D\u00fcnya Kupas\u0131 Avrupa Elemeleri E Grubu\u2019nu ikinci s\u0131rada tamamlayan A Milli Futbol Tak\u0131m\u0131, D\u00fcnya Kupas\u0131\u2019na kat\u0131labilmek i\u00e7in play-off a\u015famas\u0131nda m\u00fccadele edecek. T\u00fcrkiye, gruptaki son ma\u00e7\u0131nda La Cartuja Stad\u0131\u2019nda \u0130spanya ile kar\u015f\u0131 kar\u015f\u0131ya geldi ve 2-2 berabere kalarak grubu 13 puanla ikinci s\u0131rada tamamlad\u0131. Grupta liderli\u011fi 16 puanla elde eden \u0130spanya, b\u00f6ylece direkt olarak D\u00fcnya Kupas\u0131\u2019na kat\u0131lma hakk\u0131 kazand\u0131.<\/p>\n<h3 data-start=\"598\" data-end=\"617\">Ma\u00e7 Detaylar\u0131<\/h3>\n<p data-start=\"619\" data-end=\"970\">\u0130lk yar\u0131ya h\u0131zl\u0131 ba\u015flayan \u0130spanya, 4. dakikada Olmo\u2019nun gol\u00fcyle 1-0 \u00f6ne ge\u00e7ti. T\u00fcrkiye, 42. dakikada Deniz G\u00fcl\u2019\u00fcn att\u0131\u011f\u0131 golle skoru e\u015fitledi ve ilk yar\u0131 1-1 sona erdi. \u0130kinci yar\u0131da ise 54. dakikada Salih \u00d6zcan\u2019\u0131n gol\u00fcyle A Milli Tak\u0131m \u00f6ne ge\u00e7ti. Ancak 62. dakikada Oyarzabal\u2019\u0131n gol\u00fcyle \u0130spanya tekrar e\u015fitli\u011fi sa\u011flad\u0131 ve kar\u015f\u0131la\u015fma 2-2 sonu\u00e7land\u0131.<\/p>\n<p data-start=\"972\" data-end=\"1211\">Milli tak\u0131m\u0131n Deniz G\u00fcl ve Salih \u00d6zcan ile att\u0131\u011f\u0131 goller, \u0130spanya\u2019n\u0131n grupta yedi\u011fi ilk goller olarak kay\u0131tlara ge\u00e7ti. Deniz G\u00fcl, milli formayla be\u015finci ma\u00e7\u0131nda gol atarken, Salih \u00d6zcan 27. ma\u00e7\u0131nda A Milli Tak\u0131m\u2019daki ilk gol\u00fcn\u00fc kaydetti.<\/p>\n","protected":false},"excerpt":{"rendered":"<p>A Milli Futbol Tak\u0131m\u0131, D\u00fcnya Kupas\u0131 Bileti \u0130\u00e7in Play-Off\u2019ta M\u00fccadele Edecek 2026 FIFA D\u00fcnya Kupas\u0131 Avrupa Elemeleri E Grubu\u2019nu ikinci s\u0131rada tamamlayan A Milli Futbol Tak\u0131m\u0131, D\u00fcnya Kupas\u0131\u2019na kat\u0131labilmek i\u00e7in play-off a\u015famas\u0131nda m\u00fccadele edecek. T\u00fcrkiye, gruptaki son ma\u00e7\u0131nda La Cartuja Stad\u0131\u2019nda \u0130spanya ile kar\u015f\u0131 kar\u015f\u0131ya geldi ve 2-2 berabere kalarak grubu 13 puanla ikinci s\u0131rada [&hellip;]<\/p>\n","protected":false},"author":1,"featured_media":871,"comment_status":"open","ping_status":"open","sticky":false,"template":"","format":"standard","meta":{"footnotes":""},"categories":[4],"tags":[],"class_list":["post-870","post","type-post","status-publish","format-standard","has-post-thumbnail","hentry","category-spor"],"_links":{"self":[{"href":"https:\/\/www.kirsehirses.com\/index.php\/wp-json\/wp\/v2\/posts\/870","targetHints":{"allow":["GET"]}}],"collection":[{"href":"https:\/\/www.kirsehirses.com\/index.php\/wp-json\/wp\/v2\/posts"}],"about":[{"href":"https:\/\/www.kirsehirses.com\/index.php\/wp-json\/wp\/v2\/types\/post"}],"author":[{"embeddable":true,"href":"https:\/\/www.kirsehirses.com\/index.php\/wp-json\/wp\/v2\/users\/1"}],"replies":[{"embeddable":true,"href":"https:\/\/www.kirsehirses.com\/index.php\/wp-json\/wp\/v2\/comments?post=870"}],"version-history":[{"count":1,"href":"https:\/\/www.kirsehirses.com\/index.php\/wp-json\/wp\/v2\/posts\/870\/revisions"}],"predecessor-version":[{"id":872,"href":"https:\/\/www.kirsehirses.com\/index.php\/wp-json\/wp\/v2\/posts\/870\/revisions\/872"}],"wp:featuredmedia":[{"embeddable":true,"href":"https:\/\/www.kirsehirses.com\/index.php\/wp-json\/wp\/v2\/media\/871"}],"wp:attachment":[{"href":"https:\/\/www.kirsehirses.com\/index.php\/wp-json\/wp\/v2\/media?parent=870"}],"wp:term":[{"taxonomy":"category","embeddable":true,"href":"https:\/\/www.kirsehirses.com\/index.php\/wp-json\/wp\/v2\/categories?post=870"},{"taxonomy":"post_tag","embeddable":true,"href":"https:\/\/www.kirsehirses.com\/index.php\/wp-json\/wp\/v2\/tags?post=870"}],"curies":[{"name":"wp","href":"https:\/\/api.w.org\/{rel}","templated":true}]}}