{"id":876,"date":"2025-11-22T04:28:03","date_gmt":"2025-11-22T01:28:03","guid":{"rendered":"https:\/\/www.kirsehirses.com\/?p=876"},"modified":"2025-11-22T04:28:03","modified_gmt":"2025-11-22T01:28:03","slug":"kirsehir-fkda-13-futbolcuya-ceza-verildi","status":"publish","type":"post","link":"https:\/\/www.kirsehirses.com\/index.php\/2025\/11\/22\/kirsehir-fkda-13-futbolcuya-ceza-verildi\/","title":{"rendered":"K\u0131r\u015fehir FK&#8217;da 13 Futbolcuya Ceza Verildi"},"content":{"rendered":"<p><strong>K\u0131r\u015fehir FK&#8217;da 13 Futbolcuya Ceza Verildi<\/strong><\/p>\n<p>T\u00fcrkiye Futbol Federasyonu Profesyonel Futbol Disiplin Kurulu (PFDK), 20 Kas\u0131m 2025 tarihli toplant\u0131s\u0131nda Futbol Disiplin Talimat\u0131\u2019n\u0131n 57. maddesi kapsam\u0131nda ald\u0131\u011f\u0131 kararlar\u0131 a\u00e7\u0131klad\u0131. Buna g\u00f6re, TFF 3. Lig\u2019de toplam 638 futbolcuya 45 g\u00fcn ile 12 ay aras\u0131nda hak mahrumiyeti cezas\u0131 verildi.<\/p>\n<p>A\u00e7\u0131klamada, Ejdero\u011flu K\u0131r\u015fehir FK\u2019dan 13 futbolcunun da \u00e7e\u015fitli s\u00fcrelerle cezaland\u0131r\u0131ld\u0131\u011f\u0131 duyuruldu. Futbolcular\u0131n ald\u0131klar\u0131 cezalara g\u00f6re da\u011f\u0131l\u0131m \u015f\u00f6yle:<\/p>\n<p>45 G\u00fcn Ceza Alanlar<br \/>\n\u2022 Alihan Bel<br \/>\n\u2022 Denizhan Berber<br \/>\n\u2022 Efe Mustafa \u00c7ift\u00e7iman<br \/>\n\u2022 Abbas Demir<br \/>\n\u2022 G\u00fcney Y\u0131lmaz<\/p>\n<p>3 Ay Ceza Alanlar<br \/>\n\u2022 Mustafa Ak\u00f6z<br \/>\n\u2022 Yusuf Ali \u00c7ak\u0131r<br \/>\n\u2022 Orhan Kur\u015fun<br \/>\n\u2022 Emirhan Tavuk\u00e7u<\/p>\n<p>6 Ay Ceza Alanlar<br \/>\n\u2022 Musa Bulut<br \/>\n\u2022 Muhammed Emin Ergin<br \/>\n\u2022 Efehan Kaptan<\/p>\n<p>9 Ay Ceza Alan<br \/>\n\u2022 Hasan T\u00fcrky\u0131lmaz<\/p>\n<p>PFDK, cezalar\u0131n tamam\u0131n\u0131n bahis eylemleri nedeniyle uyguland\u0131\u011f\u0131n\u0131 ve ilgili maddeler kapsam\u0131nda takdir edildi\u011fini belirtti.<\/p>\n","protected":false},"excerpt":{"rendered":"<p>K\u0131r\u015fehir FK&#8217;da 13 Futbolcuya Ceza Verildi T\u00fcrkiye Futbol Federasyonu Profesyonel Futbol Disiplin Kurulu (PFDK), 20 Kas\u0131m 2025 tarihli toplant\u0131s\u0131nda Futbol Disiplin Talimat\u0131\u2019n\u0131n 57. maddesi kapsam\u0131nda ald\u0131\u011f\u0131 kararlar\u0131 a\u00e7\u0131klad\u0131. Buna g\u00f6re, TFF 3. Lig\u2019de toplam 638 futbolcuya 45 g\u00fcn ile 12 ay aras\u0131nda hak mahrumiyeti cezas\u0131 verildi. A\u00e7\u0131klamada, Ejdero\u011flu K\u0131r\u015fehir FK\u2019dan 13 futbolcunun da \u00e7e\u015fitli s\u00fcrelerle [&hellip;]<\/p>\n","protected":false},"author":1,"featured_media":877,"comment_status":"open","ping_status":"open","sticky":false,"template":"","format":"standard","meta":{"footnotes":""},"categories":[4],"tags":[],"class_list":["post-876","post","type-post","status-publish","format-standard","has-post-thumbnail","hentry","category-spor"],"_links":{"self":[{"href":"https:\/\/www.kirsehirses.com\/index.php\/wp-json\/wp\/v2\/posts\/876","targetHints":{"allow":["GET"]}}],"collection":[{"href":"https:\/\/www.kirsehirses.com\/index.php\/wp-json\/wp\/v2\/posts"}],"about":[{"href":"https:\/\/www.kirsehirses.com\/index.php\/wp-json\/wp\/v2\/types\/post"}],"author":[{"embeddable":true,"href":"https:\/\/www.kirsehirses.com\/index.php\/wp-json\/wp\/v2\/users\/1"}],"replies":[{"embeddable":true,"href":"https:\/\/www.kirsehirses.com\/index.php\/wp-json\/wp\/v2\/comments?post=876"}],"version-history":[{"count":1,"href":"https:\/\/www.kirsehirses.com\/index.php\/wp-json\/wp\/v2\/posts\/876\/revisions"}],"predecessor-version":[{"id":878,"href":"https:\/\/www.kirsehirses.com\/index.php\/wp-json\/wp\/v2\/posts\/876\/revisions\/878"}],"wp:featuredmedia":[{"embeddable":true,"href":"https:\/\/www.kirsehirses.com\/index.php\/wp-json\/wp\/v2\/media\/877"}],"wp:attachment":[{"href":"https:\/\/www.kirsehirses.com\/index.php\/wp-json\/wp\/v2\/media?parent=876"}],"wp:term":[{"taxonomy":"category","embeddable":true,"href":"https:\/\/www.kirsehirses.com\/index.php\/wp-json\/wp\/v2\/categories?post=876"},{"taxonomy":"post_tag","embeddable":true,"href":"https:\/\/www.kirsehirses.com\/index.php\/wp-json\/wp\/v2\/tags?post=876"}],"curies":[{"name":"wp","href":"https:\/\/api.w.org\/{rel}","templated":true}]}}