{"id":879,"date":"2025-11-22T04:30:12","date_gmt":"2025-11-22T01:30:12","guid":{"rendered":"https:\/\/www.kirsehirses.com\/?p=879"},"modified":"2025-11-22T04:30:12","modified_gmt":"2025-11-22T01:30:12","slug":"zerrin-gungor-yeniden-etik-kurulu-baskani-oldu","status":"publish","type":"post","link":"https:\/\/www.kirsehirses.com\/index.php\/2025\/11\/22\/zerrin-gungor-yeniden-etik-kurulu-baskani-oldu\/","title":{"rendered":"Zerrin G\u00fcng\u00f6r Yeniden Etik Kurulu Ba\u015fkan\u0131 Oldu"},"content":{"rendered":"<p><strong>Zerrin G\u00fcng\u00f6r Yeniden Etik Kurulu Ba\u015fkan\u0131 Oldu<\/strong><\/p>\n<p>K\u0131r\u015fehirli hem\u015ferimiz Zerrin G\u00fcng\u00f6r, yeniden Kamu G\u00f6revlileri Etik Kurulu Ba\u015fkanl\u0131\u011f\u0131na atand\u0131.<\/p>\n<p>\u0130ki d\u00f6nem Dan\u0131\u015ftay Ba\u015fkanl\u0131\u011f\u0131 yapt\u0131ktan sonra ya\u015f haddinden 20 Mart 2020 tarihinde emekliye ayr\u0131lan hem\u015fehrimiz Zerrin G\u00fcng\u00f6r, Cumhurba\u015fkanl\u0131\u011f\u0131 karar\u0131yla 9 Temmuz 2021 tarihinde Kamu G\u00f6revlileri Etik Kurulu Ba\u015fkanl\u0131\u011f\u0131na atanm\u0131\u015ft\u0131.<\/p>\n<p>G\u00f6rev s\u00fcresi dolan G\u00fcng\u00f6r, 19 Kas\u0131m 2025 tarihli Resmi Gazetede yay\u0131nlanan Cumhurba\u015fkanl\u0131\u011f\u0131 karar\u0131yla yeniden bu g\u00f6reve atand\u0131.<\/p>\n<p>T\u00fcrkiye\u2019nin \u00f6nde gelen y\u00fcksek yarg\u0131 mensuplar\u0131 aras\u0131nda yer alan G\u00fcng\u00f6r\u2019\u00fcn, kamuda etik ilke ve de\u011ferlerin yerle\u015fmesi amac\u0131yla faaliyet g\u00f6steren kurulun ba\u015fkanl\u0131\u011f\u0131na yeniden atanmas\u0131 K\u0131r\u015fehirliler taraf\u0131ndan sevin\u00e7le kar\u015f\u0131land\u0131.<\/p>\n<p>Hem\u015fehrimiz Zerrin<br \/>\nG\u00fcng\u00f6r\u2019e g\u00f6revinde ba\u015far\u0131lar diliyoruz.<\/p>\n","protected":false},"excerpt":{"rendered":"<p>Zerrin G\u00fcng\u00f6r Yeniden Etik Kurulu Ba\u015fkan\u0131 Oldu K\u0131r\u015fehirli hem\u015ferimiz Zerrin G\u00fcng\u00f6r, yeniden Kamu G\u00f6revlileri Etik Kurulu Ba\u015fkanl\u0131\u011f\u0131na atand\u0131. \u0130ki d\u00f6nem Dan\u0131\u015ftay Ba\u015fkanl\u0131\u011f\u0131 yapt\u0131ktan sonra ya\u015f haddinden 20 Mart 2020 tarihinde emekliye ayr\u0131lan hem\u015fehrimiz Zerrin G\u00fcng\u00f6r, Cumhurba\u015fkanl\u0131\u011f\u0131 karar\u0131yla 9 Temmuz 2021 tarihinde Kamu G\u00f6revlileri Etik Kurulu Ba\u015fkanl\u0131\u011f\u0131na atanm\u0131\u015ft\u0131. G\u00f6rev s\u00fcresi dolan G\u00fcng\u00f6r, 19 Kas\u0131m 2025 tarihli [&hellip;]<\/p>\n","protected":false},"author":1,"featured_media":881,"comment_status":"open","ping_status":"open","sticky":false,"template":"","format":"standard","meta":{"footnotes":""},"categories":[8,7],"tags":[],"class_list":["post-879","post","type-post","status-publish","format-standard","has-post-thumbnail","hentry","category-kirsehir","category-turkiye"],"_links":{"self":[{"href":"https:\/\/www.kirsehirses.com\/index.php\/wp-json\/wp\/v2\/posts\/879","targetHints":{"allow":["GET"]}}],"collection":[{"href":"https:\/\/www.kirsehirses.com\/index.php\/wp-json\/wp\/v2\/posts"}],"about":[{"href":"https:\/\/www.kirsehirses.com\/index.php\/wp-json\/wp\/v2\/types\/post"}],"author":[{"embeddable":true,"href":"https:\/\/www.kirsehirses.com\/index.php\/wp-json\/wp\/v2\/users\/1"}],"replies":[{"embeddable":true,"href":"https:\/\/www.kirsehirses.com\/index.php\/wp-json\/wp\/v2\/comments?post=879"}],"version-history":[{"count":2,"href":"https:\/\/www.kirsehirses.com\/index.php\/wp-json\/wp\/v2\/posts\/879\/revisions"}],"predecessor-version":[{"id":882,"href":"https:\/\/www.kirsehirses.com\/index.php\/wp-json\/wp\/v2\/posts\/879\/revisions\/882"}],"wp:featuredmedia":[{"embeddable":true,"href":"https:\/\/www.kirsehirses.com\/index.php\/wp-json\/wp\/v2\/media\/881"}],"wp:attachment":[{"href":"https:\/\/www.kirsehirses.com\/index.php\/wp-json\/wp\/v2\/media?parent=879"}],"wp:term":[{"taxonomy":"category","embeddable":true,"href":"https:\/\/www.kirsehirses.com\/index.php\/wp-json\/wp\/v2\/categories?post=879"},{"taxonomy":"post_tag","embeddable":true,"href":"https:\/\/www.kirsehirses.com\/index.php\/wp-json\/wp\/v2\/tags?post=879"}],"curies":[{"name":"wp","href":"https:\/\/api.w.org\/{rel}","templated":true}]}}