{"id":883,"date":"2025-11-22T04:32:14","date_gmt":"2025-11-22T01:32:14","guid":{"rendered":"https:\/\/www.kirsehirses.com\/?p=883"},"modified":"2025-11-22T04:32:14","modified_gmt":"2025-11-22T01:32:14","slug":"ahi-evran-kulliyesindeki-cesmeye-anlamli-pankart","status":"publish","type":"post","link":"https:\/\/www.kirsehirses.com\/index.php\/2025\/11\/22\/ahi-evran-kulliyesindeki-cesmeye-anlamli-pankart\/","title":{"rendered":"Ahi Evran K\u00fclliyesi&#8217;ndeki \u00c7e\u015fmeye Anlaml\u0131 Pankart"},"content":{"rendered":"<p><strong>Ahi Evran K\u00fclliyesi&#8217;ndeki \u00c7e\u015fmeye Anlaml\u0131 Pankart<\/strong><\/p>\n<p>K\u0131r\u015fehir\u2019de Ahi Evran K\u00fclliyesi i\u00e7erisinde yer alan ve uzun s\u00fcredir bak\u0131ms\u0131z durumda olan tarihi \u00e7e\u015fmeye dikkat \u00e7ekmek i\u00e7in ilgin\u00e7 bir y\u00f6ntem tercih edildi.<\/p>\n<p>\u00c7e\u015fmeye as\u0131lan \u201cSat\u0131l\u0131k Ahi Evran \u00c7e\u015fmesi\u201d yaz\u0131l\u0131 pankartta, Valilik, Belediye ve \u0130l K\u00fclt\u00fcr ve Turizm M\u00fcd\u00fcrl\u00fc\u011f\u00fc\u2019ne olan mesafesi belirtilirken, sat\u0131\u015f bedeli olarak ise \u201c\u00c7e\u015fmenin Tamiri\u201d ifadesi yer ald\u0131.<\/p>\n<p>Ecdat yadig\u00e2r\u0131 olan \u00e7e\u015fmenin mevcut durumuna dikkat \u00e7ekmeyi ama\u00e7layan bu pankart, sosyal medyada da ilgi g\u00f6rd\u00fc. Vatanda\u015flar, yetkililerin konuya duyarl\u0131l\u0131k g\u00f6stermesini bekliyor.<\/p>\n","protected":false},"excerpt":{"rendered":"<p>Ahi Evran K\u00fclliyesi&#8217;ndeki \u00c7e\u015fmeye Anlaml\u0131 Pankart K\u0131r\u015fehir\u2019de Ahi Evran K\u00fclliyesi i\u00e7erisinde yer alan ve uzun s\u00fcredir bak\u0131ms\u0131z durumda olan tarihi \u00e7e\u015fmeye dikkat \u00e7ekmek i\u00e7in ilgin\u00e7 bir y\u00f6ntem tercih edildi. \u00c7e\u015fmeye as\u0131lan \u201cSat\u0131l\u0131k Ahi Evran \u00c7e\u015fmesi\u201d yaz\u0131l\u0131 pankartta, Valilik, Belediye ve \u0130l K\u00fclt\u00fcr ve Turizm M\u00fcd\u00fcrl\u00fc\u011f\u00fc\u2019ne olan mesafesi belirtilirken, sat\u0131\u015f bedeli olarak ise \u201c\u00c7e\u015fmenin Tamiri\u201d ifadesi [&hellip;]<\/p>\n","protected":false},"author":1,"featured_media":884,"comment_status":"open","ping_status":"open","sticky":false,"template":"","format":"standard","meta":{"footnotes":""},"categories":[8],"tags":[],"class_list":["post-883","post","type-post","status-publish","format-standard","has-post-thumbnail","hentry","category-kirsehir"],"_links":{"self":[{"href":"https:\/\/www.kirsehirses.com\/index.php\/wp-json\/wp\/v2\/posts\/883","targetHints":{"allow":["GET"]}}],"collection":[{"href":"https:\/\/www.kirsehirses.com\/index.php\/wp-json\/wp\/v2\/posts"}],"about":[{"href":"https:\/\/www.kirsehirses.com\/index.php\/wp-json\/wp\/v2\/types\/post"}],"author":[{"embeddable":true,"href":"https:\/\/www.kirsehirses.com\/index.php\/wp-json\/wp\/v2\/users\/1"}],"replies":[{"embeddable":true,"href":"https:\/\/www.kirsehirses.com\/index.php\/wp-json\/wp\/v2\/comments?post=883"}],"version-history":[{"count":1,"href":"https:\/\/www.kirsehirses.com\/index.php\/wp-json\/wp\/v2\/posts\/883\/revisions"}],"predecessor-version":[{"id":885,"href":"https:\/\/www.kirsehirses.com\/index.php\/wp-json\/wp\/v2\/posts\/883\/revisions\/885"}],"wp:featuredmedia":[{"embeddable":true,"href":"https:\/\/www.kirsehirses.com\/index.php\/wp-json\/wp\/v2\/media\/884"}],"wp:attachment":[{"href":"https:\/\/www.kirsehirses.com\/index.php\/wp-json\/wp\/v2\/media?parent=883"}],"wp:term":[{"taxonomy":"category","embeddable":true,"href":"https:\/\/www.kirsehirses.com\/index.php\/wp-json\/wp\/v2\/categories?post=883"},{"taxonomy":"post_tag","embeddable":true,"href":"https:\/\/www.kirsehirses.com\/index.php\/wp-json\/wp\/v2\/tags?post=883"}],"curies":[{"name":"wp","href":"https:\/\/api.w.org\/{rel}","templated":true}]}}