{"id":886,"date":"2025-11-22T04:34:27","date_gmt":"2025-11-22T01:34:27","guid":{"rendered":"https:\/\/www.kirsehirses.com\/?p=886"},"modified":"2025-11-22T04:34:27","modified_gmt":"2025-11-22T01:34:27","slug":"asik-pasa-yazma-eser-sergisi-acildi","status":"publish","type":"post","link":"https:\/\/www.kirsehirses.com\/index.php\/2025\/11\/22\/asik-pasa-yazma-eser-sergisi-acildi\/","title":{"rendered":"A\u015f\u0131k Pa\u015fa Yazma Eser Sergisi A\u00e7\u0131ld\u0131"},"content":{"rendered":"<p><strong>A\u015f\u0131k Pa\u015fa Yazma Eser Sergisi A\u00e7\u0131ld\u0131<\/strong><\/p>\n<p>K\u0131r\u015fehir Ahilik M\u00fczesi\u2019nde \u201c\u00c2\u015f\u0131k Pa\u015fa Yazma Eser Sergisi\u201d a\u00e7\u0131ld\u0131. A\u00e7\u0131l\u0131\u015f t\u00f6renine K\u0131r\u015fehir Valisi Murat Sefa Demiry\u00fcrek, K\u00fclt\u00fcr ve Turizm Bakan Yard\u0131mc\u0131s\u0131 Nadir Alpaslan, T\u00fcrkiye Yazma Eserler Kurumu Ba\u015fkan\u0131 Co\u015fkun Y\u0131lmaz, KAE\u00dc Rekt\u00f6r\u00fc Prof. Dr. M. Kas\u0131m Karahoca\u011fil, Sa\u011fl\u0131k Bilimleri \u00dcniversitesi eski Rekt\u00f6r\u00fc Cevdet Erd\u00f6l ve \u00e7ok say\u0131da akademisyen, kurum temsilcisi ile \u00f6\u011frenciler kat\u0131ld\u0131.<\/p>\n<p>T\u00fcrk dilinin \u00f6nc\u00fcs\u00fc \u00c2\u015f\u0131k Pa\u015fa\u2019n\u0131n eserlerinden olu\u015fan sergi, T\u00fcrk\u00e7enin Anadolu\u2019daki yolculu\u011funu ve \u00c2\u015f\u0131k Pa\u015fa\u2019n\u0131n bu s\u00fcre\u00e7teki \u00f6nc\u00fc rol\u00fcn\u00fc g\u00f6zler \u00f6n\u00fcne seriyor. Vali Demiry\u00fcrek, serginin 16 May\u0131s 2026 tarihine kadar halk\u0131n ziyaretine a\u00e7\u0131k oldu\u011funu belirterek t\u00fcm K\u0131r\u015fehirlileri sergiyi gezmeye davet etti.<\/p>\n","protected":false},"excerpt":{"rendered":"<p>A\u015f\u0131k Pa\u015fa Yazma Eser Sergisi A\u00e7\u0131ld\u0131 K\u0131r\u015fehir Ahilik M\u00fczesi\u2019nde \u201c\u00c2\u015f\u0131k Pa\u015fa Yazma Eser Sergisi\u201d a\u00e7\u0131ld\u0131. A\u00e7\u0131l\u0131\u015f t\u00f6renine K\u0131r\u015fehir Valisi Murat Sefa Demiry\u00fcrek, K\u00fclt\u00fcr ve Turizm Bakan Yard\u0131mc\u0131s\u0131 Nadir Alpaslan, T\u00fcrkiye Yazma Eserler Kurumu Ba\u015fkan\u0131 Co\u015fkun Y\u0131lmaz, KAE\u00dc Rekt\u00f6r\u00fc Prof. Dr. M. Kas\u0131m Karahoca\u011fil, Sa\u011fl\u0131k Bilimleri \u00dcniversitesi eski Rekt\u00f6r\u00fc Cevdet Erd\u00f6l ve \u00e7ok say\u0131da akademisyen, kurum [&hellip;]<\/p>\n","protected":false},"author":1,"featured_media":887,"comment_status":"open","ping_status":"open","sticky":false,"template":"","format":"standard","meta":{"footnotes":""},"categories":[8],"tags":[],"class_list":["post-886","post","type-post","status-publish","format-standard","has-post-thumbnail","hentry","category-kirsehir"],"_links":{"self":[{"href":"https:\/\/www.kirsehirses.com\/index.php\/wp-json\/wp\/v2\/posts\/886","targetHints":{"allow":["GET"]}}],"collection":[{"href":"https:\/\/www.kirsehirses.com\/index.php\/wp-json\/wp\/v2\/posts"}],"about":[{"href":"https:\/\/www.kirsehirses.com\/index.php\/wp-json\/wp\/v2\/types\/post"}],"author":[{"embeddable":true,"href":"https:\/\/www.kirsehirses.com\/index.php\/wp-json\/wp\/v2\/users\/1"}],"replies":[{"embeddable":true,"href":"https:\/\/www.kirsehirses.com\/index.php\/wp-json\/wp\/v2\/comments?post=886"}],"version-history":[{"count":1,"href":"https:\/\/www.kirsehirses.com\/index.php\/wp-json\/wp\/v2\/posts\/886\/revisions"}],"predecessor-version":[{"id":888,"href":"https:\/\/www.kirsehirses.com\/index.php\/wp-json\/wp\/v2\/posts\/886\/revisions\/888"}],"wp:featuredmedia":[{"embeddable":true,"href":"https:\/\/www.kirsehirses.com\/index.php\/wp-json\/wp\/v2\/media\/887"}],"wp:attachment":[{"href":"https:\/\/www.kirsehirses.com\/index.php\/wp-json\/wp\/v2\/media?parent=886"}],"wp:term":[{"taxonomy":"category","embeddable":true,"href":"https:\/\/www.kirsehirses.com\/index.php\/wp-json\/wp\/v2\/categories?post=886"},{"taxonomy":"post_tag","embeddable":true,"href":"https:\/\/www.kirsehirses.com\/index.php\/wp-json\/wp\/v2\/tags?post=886"}],"curies":[{"name":"wp","href":"https:\/\/api.w.org\/{rel}","templated":true}]}}