{"id":889,"date":"2025-11-24T01:37:08","date_gmt":"2025-11-23T22:37:08","guid":{"rendered":"https:\/\/www.kirsehirses.com\/?p=889"},"modified":"2025-11-24T01:37:08","modified_gmt":"2025-11-23T22:37:08","slug":"ogrencilerin-hikayeleri-asik-pasa-sergisinde-ziyaretcilerle-bulustu","status":"publish","type":"post","link":"https:\/\/www.kirsehirses.com\/index.php\/2025\/11\/24\/ogrencilerin-hikayeleri-asik-pasa-sergisinde-ziyaretcilerle-bulustu\/","title":{"rendered":"\u00d6\u011frencilerin Hik\u00e2yeleri \u00c2\u015f\u0131k Pa\u015fa Sergisinde Ziyaret\u00e7ilerle Bulu\u015ftu"},"content":{"rendered":"<p><strong>\u00d6\u011frencilerin Hik\u00e2yeleri \u00c2\u015f\u0131k Pa\u015fa Sergisinde Ziyaret\u00e7ilerle Bulu\u015ftu<\/strong><\/p>\n<p data-start=\"87\" data-end=\"511\">K\u0131r\u015fehir\u2019de ilkokul ve ortaokul \u00f6\u011frencileri taraf\u0131ndan haz\u0131rlanan hik\u00e2yeler, \u201cA\u015f\u0131k Pa\u015fa\u2019n\u0131n Torunlar\u0131 Yaz\u0131yor\u201d projesi kapsam\u0131nda <em data-start=\"236\" data-end=\"303\">T\u00fcrk\u00e7enin K\u0131r\u015fehir\u2019de Uyanan \u00c7era\u011f\u0131: \u00c2\u015f\u0131k Pa\u015fa Yazma Eser Sergisi<\/em>nde ziyaret\u00e7ilerin be\u011fenisine sunuldu. Kent genelinde y\u00fcr\u00fct\u00fclen \u00e7al\u0131\u015fma, \u00f6\u011frencilerin yaz\u0131l\u0131 ifade becerilerini geli\u015ftirmeyi ve A\u015f\u0131k Pa\u015fa\u2019n\u0131n k\u00fclt\u00fcrel miras\u0131n\u0131 e\u011fitim yoluyla g\u00fcn\u00fcm\u00fczle bulu\u015fturmay\u0131 ama\u00e7l\u0131yor.<\/p>\n<p data-start=\"513\" data-end=\"806\">Proje s\u00fcrecinde \u00f6\u011frenciler, \u00f6\u011fretmenlerinin rehberli\u011finde A\u015f\u0131k Pa\u015fa\u2019n\u0131n d\u00fc\u015f\u00fcnce d\u00fcnyas\u0131n\u0131 ve T\u00fcrk\u00e7enin tarihsel ser\u00fcvenini temel alan \u00f6zg\u00fcn metinler kaleme ald\u0131. Haz\u0131rlanan hik\u00e2yeler, sergi alan\u0131nda yazma eserlerle birlikte yer alarak, ge\u00e7mi\u015f ile bug\u00fcn\u00fcn ayn\u0131 \u00e7at\u0131 alt\u0131nda bulu\u015fmas\u0131n\u0131 sa\u011flad\u0131.<\/p>\n<p data-start=\"808\" data-end=\"1129\">Etkinlik, K\u0131r\u015fehir\u2019de k\u00fclt\u00fcrel fark\u0131ndal\u0131\u011f\u0131n art\u0131r\u0131lmas\u0131 ve yerel edebi miras\u0131n tan\u0131t\u0131lmas\u0131 a\u00e7\u0131s\u0131ndan \u00f6nemli bir \u00e7al\u0131\u015fma olarak de\u011ferlendiriliyor. Sergiyi ziyaret eden kat\u0131l\u0131mc\u0131lar, hem \u00f6\u011frencilerin \u00fcretimlerini inceleme f\u0131rsat\u0131 buldu hem de A\u015f\u0131k Pa\u015fa\u2019n\u0131n T\u00fcrk\u00e7e \u00fczerindeki etkisine dair bilgilendirici i\u00e7eriklere eri\u015fti.<\/p>\n<p data-start=\"1131\" data-end=\"1395\" data-is-last-node=\"\" data-is-only-node=\"\">Projenin, e\u011fitim kurumlar\u0131 ve k\u00fclt\u00fcr kurulu\u015flar\u0131n\u0131n i\u015f birli\u011fiyle \u00f6n\u00fcm\u00fczdeki d\u00f6nemde de s\u00fcrd\u00fcr\u00fclmesi planlan\u0131yor. \u00c7al\u0131\u015fman\u0131n, \u00f6\u011frencilerin yazma k\u00fclt\u00fcr\u00fcne katk\u0131 sunmas\u0131n\u0131n yan\u0131 s\u0131ra kentin tarihsel kimli\u011fini gelecek nesillere aktarmada rol \u00fcstlenmesi hedefleniyor.<\/p>\n","protected":false},"excerpt":{"rendered":"<p>\u00d6\u011frencilerin Hik\u00e2yeleri \u00c2\u015f\u0131k Pa\u015fa Sergisinde Ziyaret\u00e7ilerle Bulu\u015ftu K\u0131r\u015fehir\u2019de ilkokul ve ortaokul \u00f6\u011frencileri taraf\u0131ndan haz\u0131rlanan hik\u00e2yeler, \u201cA\u015f\u0131k Pa\u015fa\u2019n\u0131n Torunlar\u0131 Yaz\u0131yor\u201d projesi kapsam\u0131nda T\u00fcrk\u00e7enin K\u0131r\u015fehir\u2019de Uyanan \u00c7era\u011f\u0131: \u00c2\u015f\u0131k Pa\u015fa Yazma Eser Sergisinde ziyaret\u00e7ilerin be\u011fenisine sunuldu. Kent genelinde y\u00fcr\u00fct\u00fclen \u00e7al\u0131\u015fma, \u00f6\u011frencilerin yaz\u0131l\u0131 ifade becerilerini geli\u015ftirmeyi ve A\u015f\u0131k Pa\u015fa\u2019n\u0131n k\u00fclt\u00fcrel miras\u0131n\u0131 e\u011fitim yoluyla g\u00fcn\u00fcm\u00fczle bulu\u015fturmay\u0131 ama\u00e7l\u0131yor. Proje s\u00fcrecinde \u00f6\u011frenciler, [&hellip;]<\/p>\n","protected":false},"author":1,"featured_media":891,"comment_status":"open","ping_status":"open","sticky":false,"template":"","format":"standard","meta":{"footnotes":""},"categories":[10,8],"tags":[],"class_list":["post-889","post","type-post","status-publish","format-standard","has-post-thumbnail","hentry","category-egitim","category-kirsehir"],"_links":{"self":[{"href":"https:\/\/www.kirsehirses.com\/index.php\/wp-json\/wp\/v2\/posts\/889","targetHints":{"allow":["GET"]}}],"collection":[{"href":"https:\/\/www.kirsehirses.com\/index.php\/wp-json\/wp\/v2\/posts"}],"about":[{"href":"https:\/\/www.kirsehirses.com\/index.php\/wp-json\/wp\/v2\/types\/post"}],"author":[{"embeddable":true,"href":"https:\/\/www.kirsehirses.com\/index.php\/wp-json\/wp\/v2\/users\/1"}],"replies":[{"embeddable":true,"href":"https:\/\/www.kirsehirses.com\/index.php\/wp-json\/wp\/v2\/comments?post=889"}],"version-history":[{"count":1,"href":"https:\/\/www.kirsehirses.com\/index.php\/wp-json\/wp\/v2\/posts\/889\/revisions"}],"predecessor-version":[{"id":892,"href":"https:\/\/www.kirsehirses.com\/index.php\/wp-json\/wp\/v2\/posts\/889\/revisions\/892"}],"wp:featuredmedia":[{"embeddable":true,"href":"https:\/\/www.kirsehirses.com\/index.php\/wp-json\/wp\/v2\/media\/891"}],"wp:attachment":[{"href":"https:\/\/www.kirsehirses.com\/index.php\/wp-json\/wp\/v2\/media?parent=889"}],"wp:term":[{"taxonomy":"category","embeddable":true,"href":"https:\/\/www.kirsehirses.com\/index.php\/wp-json\/wp\/v2\/categories?post=889"},{"taxonomy":"post_tag","embeddable":true,"href":"https:\/\/www.kirsehirses.com\/index.php\/wp-json\/wp\/v2\/tags?post=889"}],"curies":[{"name":"wp","href":"https:\/\/api.w.org\/{rel}","templated":true}]}}