{"id":893,"date":"2025-11-24T01:44:16","date_gmt":"2025-11-23T22:44:16","guid":{"rendered":"https:\/\/www.kirsehirses.com\/?p=893"},"modified":"2025-11-24T01:44:16","modified_gmt":"2025-11-23T22:44:16","slug":"kirsehir-barosu-hizmet-binasi-ve-sosyal-tesisleri-acildi","status":"publish","type":"post","link":"https:\/\/www.kirsehirses.com\/index.php\/2025\/11\/24\/kirsehir-barosu-hizmet-binasi-ve-sosyal-tesisleri-acildi\/","title":{"rendered":"K\u0131r\u015fehir Barosu Hizmet Binas\u0131 ve Sosyal Tesisleri A\u00e7\u0131ld\u0131"},"content":{"rendered":"<p><strong>K\u0131r\u015fehir Barosu Hizmet Binas\u0131 ve Sosyal Tesisleri A\u00e7\u0131ld\u0131<\/strong><\/p>\n<p data-start=\"76\" data-end=\"418\">K\u0131r\u015fehir\u2019de yeni Baro Hizmet Binas\u0131 ve Sosyal Tesislerinin a\u00e7\u0131l\u0131\u015f\u0131 ger\u00e7ekle\u015ftirildi. Programa K\u0131r\u015fehir Valisi Murat Sefa Demiry\u00fcrek, Milletvekili Metin \u0130lhan, T\u00fcrkiye Barolar Birli\u011fi Ba\u015fkan\u0131 Erin\u00e7 Sa\u011fkan, K\u0131r\u015fehir Barosu Ba\u015fkan\u0131 \u0130sa Da\u011f\u0131stan, Belediye Meclisi Ba\u015fkan Vekili Mehtap Karabur\u00e7ak Tuzcu ile il protokol\u00fc kat\u0131ld\u0131.<\/p>\n<p data-start=\"420\" data-end=\"757\">A\u00e7\u0131l\u0131\u015f t\u00f6reninde, baro hizmetlerinin g\u00fc\u00e7lendirilmesi ve hukuk camias\u0131na y\u00f6nelik \u00e7al\u0131\u015fma alanlar\u0131n\u0131n iyile\u015ftirilmesi amac\u0131yla tamamlanan binan\u0131n kullan\u0131m \u00f6zellikleri tan\u0131t\u0131ld\u0131. Yeni hizmet binas\u0131n\u0131n, avukatlar\u0131n mesleki faaliyetlerine uygun \u00e7al\u0131\u015fma ortam\u0131 sunmas\u0131 ve sosyal tesisleriyle birlikte baro \u00fcyelerine destek olmas\u0131 hedefleniyor.<\/p>\n<p data-start=\"759\" data-end=\"939\">K\u0131r\u015fehir Barosu Ba\u015fkan\u0131 \u0130sa Da\u011f\u0131stan, binan\u0131n hayata ge\u00e7irilmesinde y\u00fcr\u00fct\u00fclen \u00e7al\u0131\u015fmalara ili\u015fkin bilgi verirken, proje s\u00fcrecine katk\u0131 sa\u011flayan kurum ve payda\u015flara te\u015fekk\u00fcr edildi.<\/p>\n<p data-start=\"941\" data-end=\"1182\" data-is-last-node=\"\" data-is-only-node=\"\">Yeni hizmet binas\u0131n\u0131n, \u015fehirde hukuk hizmetlerinin daha nitelikli y\u00fcr\u00fct\u00fclmesine katk\u0131 sunmas\u0131 ve meslek mensuplar\u0131n\u0131n ortak kullan\u0131m\u0131na a\u00e7\u0131k bir merkez olarak de\u011ferlendirilmesi planlan\u0131yor. A\u00e7\u0131l\u0131\u015f program\u0131, tesislerin gezilmesiyle sona erdi.<\/p>\n","protected":false},"excerpt":{"rendered":"<p>K\u0131r\u015fehir Barosu Hizmet Binas\u0131 ve Sosyal Tesisleri A\u00e7\u0131ld\u0131 K\u0131r\u015fehir\u2019de yeni Baro Hizmet Binas\u0131 ve Sosyal Tesislerinin a\u00e7\u0131l\u0131\u015f\u0131 ger\u00e7ekle\u015ftirildi. Programa K\u0131r\u015fehir Valisi Murat Sefa Demiry\u00fcrek, Milletvekili Metin \u0130lhan, T\u00fcrkiye Barolar Birli\u011fi Ba\u015fkan\u0131 Erin\u00e7 Sa\u011fkan, K\u0131r\u015fehir Barosu Ba\u015fkan\u0131 \u0130sa Da\u011f\u0131stan, Belediye Meclisi Ba\u015fkan Vekili Mehtap Karabur\u00e7ak Tuzcu ile il protokol\u00fc kat\u0131ld\u0131. A\u00e7\u0131l\u0131\u015f t\u00f6reninde, baro hizmetlerinin g\u00fc\u00e7lendirilmesi ve [&hellip;]<\/p>\n","protected":false},"author":1,"featured_media":894,"comment_status":"open","ping_status":"open","sticky":false,"template":"","format":"standard","meta":{"footnotes":""},"categories":[8],"tags":[],"class_list":["post-893","post","type-post","status-publish","format-standard","has-post-thumbnail","hentry","category-kirsehir"],"_links":{"self":[{"href":"https:\/\/www.kirsehirses.com\/index.php\/wp-json\/wp\/v2\/posts\/893","targetHints":{"allow":["GET"]}}],"collection":[{"href":"https:\/\/www.kirsehirses.com\/index.php\/wp-json\/wp\/v2\/posts"}],"about":[{"href":"https:\/\/www.kirsehirses.com\/index.php\/wp-json\/wp\/v2\/types\/post"}],"author":[{"embeddable":true,"href":"https:\/\/www.kirsehirses.com\/index.php\/wp-json\/wp\/v2\/users\/1"}],"replies":[{"embeddable":true,"href":"https:\/\/www.kirsehirses.com\/index.php\/wp-json\/wp\/v2\/comments?post=893"}],"version-history":[{"count":1,"href":"https:\/\/www.kirsehirses.com\/index.php\/wp-json\/wp\/v2\/posts\/893\/revisions"}],"predecessor-version":[{"id":895,"href":"https:\/\/www.kirsehirses.com\/index.php\/wp-json\/wp\/v2\/posts\/893\/revisions\/895"}],"wp:featuredmedia":[{"embeddable":true,"href":"https:\/\/www.kirsehirses.com\/index.php\/wp-json\/wp\/v2\/media\/894"}],"wp:attachment":[{"href":"https:\/\/www.kirsehirses.com\/index.php\/wp-json\/wp\/v2\/media?parent=893"}],"wp:term":[{"taxonomy":"category","embeddable":true,"href":"https:\/\/www.kirsehirses.com\/index.php\/wp-json\/wp\/v2\/categories?post=893"},{"taxonomy":"post_tag","embeddable":true,"href":"https:\/\/www.kirsehirses.com\/index.php\/wp-json\/wp\/v2\/tags?post=893"}],"curies":[{"name":"wp","href":"https:\/\/api.w.org\/{rel}","templated":true}]}}