{"id":896,"date":"2025-11-24T01:49:49","date_gmt":"2025-11-23T22:49:49","guid":{"rendered":"https:\/\/www.kirsehirses.com\/?p=896"},"modified":"2025-11-24T01:49:49","modified_gmt":"2025-11-23T22:49:49","slug":"asik-pasayla-40-gunde-40-eser-projesi-baslatildi","status":"publish","type":"post","link":"https:\/\/www.kirsehirses.com\/index.php\/2025\/11\/24\/asik-pasayla-40-gunde-40-eser-projesi-baslatildi\/","title":{"rendered":"\u201c\u00c2\u015f\u0131k Pa\u015fa\u2019yla 40 G\u00fcnde 40 Eser\u201d Projesi Ba\u015flat\u0131ld\u0131"},"content":{"rendered":"<p><strong>\u201c\u00c2\u015f\u0131k Pa\u015fa\u2019yla 40 G\u00fcnde 40 Eser\u201d Projesi Ba\u015flat\u0131ld\u0131<\/strong><\/p>\n<p data-start=\"71\" data-end=\"306\">K\u0131r\u015fehir\u2019de, Anadolu\u2019da T\u00fcrk\u00e7enin edeb\u00ee kimlik kazanmas\u0131nda \u00f6nemli bir yere sahip olan \u00c2\u015f\u0131k Pa\u015fa\u2019n\u0131n k\u00fclt\u00fcrel miras\u0131n\u0131 geni\u015f kitlelerle bulu\u015fturmak amac\u0131yla \u201c\u00c2\u015f\u0131k Pa\u015fa\u2019yla 40 G\u00fcnde 40 Eser\u201d projesi uygulamaya al\u0131nd\u0131.<\/p>\n<p data-start=\"308\" data-end=\"637\">Proje, \u00c2\u015f\u0131k Pa\u015fa\u2019n\u0131n T\u00fcrk\u00e7e \u00fczerine ortaya koydu\u011fu d\u00fc\u015f\u00fcnceyi hat\u0131rlatmak ve tarihsel kaynaklara eri\u015fimi art\u0131rmak amac\u0131yla haz\u0131rland\u0131. Bu kapsamda, k\u0131rk g\u00fcn boyunca her g\u00fcn bir yazma eser payla\u015f\u0131lacak. Eserler e\u015f zamanl\u0131 olarak kent genelindeki okullarda \u00f6\u011frencilerle, K\u0131r\u015fehir Ahilik M\u00fczesi\u2019nde ise ziyaret\u00e7ilerle bulu\u015fturulacak.<\/p>\n<p data-start=\"639\" data-end=\"895\">\u00c7al\u0131\u015fman\u0131n, \u00f6\u011frencilerin tarih bilincini desteklemesi ve yerel k\u00fclt\u00fcrel miras\u0131n g\u00f6r\u00fcn\u00fcrl\u00fc\u011f\u00fcn\u00fc art\u0131rmas\u0131 hedefleniyor. Proje s\u00fcresince sunulacak eserlerin, \u00c2\u015f\u0131k Pa\u015fa\u2019n\u0131n dil anlay\u0131\u015f\u0131n\u0131 ve d\u00f6nemsel d\u00fc\u015f\u00fcnce yap\u0131s\u0131n\u0131 yans\u0131tan kaynaklardan olu\u015faca\u011f\u0131 belirtildi.<\/p>\n<p data-start=\"897\" data-end=\"1175\" data-is-last-node=\"\" data-is-only-node=\"\">Kentte y\u00fcr\u00fct\u00fclen program\u0131n, T\u00fcrk\u00e7enin tarihsel geli\u015fimine ili\u015fkin fark\u0131ndal\u0131k olu\u015fturmas\u0131 ve \u00c2\u015f\u0131k Pa\u015fa\u2019n\u0131n edeb\u00ee katk\u0131lar\u0131n\u0131n yeniden de\u011ferlendirilmesine imk\u00e2n sa\u011flamas\u0131 ama\u00e7lan\u0131yor. Proje, k\u0131rk g\u00fcnl\u00fck s\u00fcrecin tamamlanmas\u0131n\u0131n ard\u0131ndan de\u011ferlendirme etkinlikleriyle devam edecek.<\/p>\n","protected":false},"excerpt":{"rendered":"<p>\u201c\u00c2\u015f\u0131k Pa\u015fa\u2019yla 40 G\u00fcnde 40 Eser\u201d Projesi Ba\u015flat\u0131ld\u0131 K\u0131r\u015fehir\u2019de, Anadolu\u2019da T\u00fcrk\u00e7enin edeb\u00ee kimlik kazanmas\u0131nda \u00f6nemli bir yere sahip olan \u00c2\u015f\u0131k Pa\u015fa\u2019n\u0131n k\u00fclt\u00fcrel miras\u0131n\u0131 geni\u015f kitlelerle bulu\u015fturmak amac\u0131yla \u201c\u00c2\u015f\u0131k Pa\u015fa\u2019yla 40 G\u00fcnde 40 Eser\u201d projesi uygulamaya al\u0131nd\u0131. Proje, \u00c2\u015f\u0131k Pa\u015fa\u2019n\u0131n T\u00fcrk\u00e7e \u00fczerine ortaya koydu\u011fu d\u00fc\u015f\u00fcnceyi hat\u0131rlatmak ve tarihsel kaynaklara eri\u015fimi art\u0131rmak amac\u0131yla haz\u0131rland\u0131. Bu kapsamda, k\u0131rk [&hellip;]<\/p>\n","protected":false},"author":1,"featured_media":897,"comment_status":"open","ping_status":"open","sticky":false,"template":"","format":"standard","meta":{"footnotes":""},"categories":[8],"tags":[],"class_list":["post-896","post","type-post","status-publish","format-standard","has-post-thumbnail","hentry","category-kirsehir"],"_links":{"self":[{"href":"https:\/\/www.kirsehirses.com\/index.php\/wp-json\/wp\/v2\/posts\/896","targetHints":{"allow":["GET"]}}],"collection":[{"href":"https:\/\/www.kirsehirses.com\/index.php\/wp-json\/wp\/v2\/posts"}],"about":[{"href":"https:\/\/www.kirsehirses.com\/index.php\/wp-json\/wp\/v2\/types\/post"}],"author":[{"embeddable":true,"href":"https:\/\/www.kirsehirses.com\/index.php\/wp-json\/wp\/v2\/users\/1"}],"replies":[{"embeddable":true,"href":"https:\/\/www.kirsehirses.com\/index.php\/wp-json\/wp\/v2\/comments?post=896"}],"version-history":[{"count":1,"href":"https:\/\/www.kirsehirses.com\/index.php\/wp-json\/wp\/v2\/posts\/896\/revisions"}],"predecessor-version":[{"id":898,"href":"https:\/\/www.kirsehirses.com\/index.php\/wp-json\/wp\/v2\/posts\/896\/revisions\/898"}],"wp:featuredmedia":[{"embeddable":true,"href":"https:\/\/www.kirsehirses.com\/index.php\/wp-json\/wp\/v2\/media\/897"}],"wp:attachment":[{"href":"https:\/\/www.kirsehirses.com\/index.php\/wp-json\/wp\/v2\/media?parent=896"}],"wp:term":[{"taxonomy":"category","embeddable":true,"href":"https:\/\/www.kirsehirses.com\/index.php\/wp-json\/wp\/v2\/categories?post=896"},{"taxonomy":"post_tag","embeddable":true,"href":"https:\/\/www.kirsehirses.com\/index.php\/wp-json\/wp\/v2\/tags?post=896"}],"curies":[{"name":"wp","href":"https:\/\/api.w.org\/{rel}","templated":true}]}}