{"id":902,"date":"2025-11-25T03:40:27","date_gmt":"2025-11-25T00:40:27","guid":{"rendered":"https:\/\/www.kirsehirses.com\/?p=902"},"modified":"2025-11-25T03:40:27","modified_gmt":"2025-11-25T00:40:27","slug":"kirsehir-ahi-evran-universitesinde-ogretmenler-gunu-paneli-duzenlendi","status":"publish","type":"post","link":"https:\/\/www.kirsehirses.com\/index.php\/2025\/11\/25\/kirsehir-ahi-evran-universitesinde-ogretmenler-gunu-paneli-duzenlendi\/","title":{"rendered":"K\u0131r\u015fehir Ahi Evran \u00dcniversitesinde \u00d6\u011fretmenler G\u00fcn\u00fc Paneli D\u00fczenlendi"},"content":{"rendered":"<p><strong>K\u0131r\u015fehir Ahi Evran \u00dcniversitesinde \u00d6\u011fretmenler G\u00fcn\u00fc Paneli D\u00fczenlendi<\/strong><\/p>\n<p data-start=\"273\" data-end=\"660\">K\u0131r\u015fehir Ahi Evran \u00dcniversitesi E\u011fitim Fak\u00fcltesi taraf\u0131ndan, Matematik E\u011fitimi Anabilim Dal\u0131n\u0131n \u00f6nc\u00fcl\u00fc\u011f\u00fcnde \u00d6\u011fretmenler G\u00fcn\u00fc Paneli d\u00fczenlendi. 24 Kas\u0131m 2025 tarihinde E\u011fitim Fak\u00fcltesi Konferans Salonunda ger\u00e7ekle\u015ftirilen panele \u00dcniversite Rekt\u00f6r\u00fc Prof. Dr. Mustafa Kas\u0131m Karahocagil, K\u0131r\u015fehir \u0130l Milli E\u011fitim M\u00fcd\u00fcr\u00fc Yusuf Yasin G\u00fcl\u015fen, akademik ve idari personel ile \u00f6\u011frenciler kat\u0131ld\u0131.<\/p>\n<p data-start=\"662\" data-end=\"918\">Panel \u00f6ncesi a\u00e7\u0131l\u0131\u015f konu\u015fmalar\u0131nda ilk s\u00f6z\u00fc E\u011fitim Fak\u00fcltesi Dekan\u0131 Prof. Dr. Ertu\u011frul Yaman ald\u0131. \u00d6\u011fretmenli\u011fin toplum i\u00e7in ta\u015f\u0131d\u0131\u011f\u0131 de\u011fere vurgu yapan Yaman, t\u00fcm \u00f6\u011fretmenlerin \u00d6\u011fretmenler G\u00fcn\u00fc\u2019n\u00fc kutlad\u0131 ve \u00f6zverili \u00e7al\u0131\u015fmalar\u0131 dolay\u0131s\u0131yla te\u015fekk\u00fcr etti.<\/p>\n<p data-start=\"920\" data-end=\"1321\">Ard\u0131ndan \u00dcniversite Rekt\u00f6r\u00fc Prof. Dr. Mustafa Kas\u0131m Karahocagil bir selamlama konu\u015fmas\u0131 yapt\u0131. E\u011fitimin \u00f6nemine de\u011finen Karahocagil, \u00f6\u011fretmenlerin toplumun ayd\u0131nlanmas\u0131ndaki rol\u00fcn\u00fc hat\u0131rlatarak mesle\u011fin kutsal bir sorumluluk ta\u015f\u0131d\u0131\u011f\u0131n\u0131 ifade etti. Kuran-\u0131 Kerim\u2019in \u201cOku!\u201d emrine at\u0131f yapan Karahocagil, \u00f6\u011fretmenlerin \u00f6\u011frencilerin geli\u015fimindeki katk\u0131s\u0131n\u0131n alt\u0131n\u0131 \u00e7izerek t\u00fcm \u00f6\u011fretmenlere te\u015fekk\u00fcr etti.<\/p>\n<p data-start=\"1323\" data-end=\"1435\">Konu\u015fmalar\u0131n ard\u0131ndan Prof. Dr. Nuri Balo\u011flu\u2019nun y\u00f6nlendiricili\u011finde \u00d6\u011fretmenler G\u00fcn\u00fc Paneli ba\u015flad\u0131. Panelde;<\/p>\n<ul data-start=\"1436\" data-end=\"1791\">\n<li data-start=\"1436\" data-end=\"1533\">\n<p data-start=\"1438\" data-end=\"1533\">K\u0131r\u015fehir \u0130l Milli E\u011fitim M\u00fcd\u00fcr\u00fc Yusuf Yasin G\u00fcl\u015fen \u201c\u00d6\u011fretmen Olmak m\u0131, \u00d6\u011fretmenim Olmak m\u0131?\u201d,<\/p>\n<\/li>\n<li data-start=\"1534\" data-end=\"1638\">\n<p data-start=\"1536\" data-end=\"1638\">Sosyal Bilimler Meslek Y\u00fcksekokulu M\u00fcd\u00fcr\u00fc Prof. Dr. Ayfer \u015eahin \u201cYapay Zeka \u00c7a\u011f\u0131nda \u00d6\u011fretmen Olmak\u201d,<\/p>\n<\/li>\n<li data-start=\"1639\" data-end=\"1686\">\n<p data-start=\"1641\" data-end=\"1686\">Prof. Dr. Nihat \u00c7al\u0131\u015fkan \u201cMe\u00e7hul \u00d6\u011fretmen\u201d,<\/p>\n<\/li>\n<li data-start=\"1687\" data-end=\"1791\">\n<p data-start=\"1689\" data-end=\"1791\">Prof. Dr. Cemalettin \u0130pek ise \u201cFarkl\u0131 \u00dclkelerde \u00d6\u011fretmen E\u011fitimi\u201d ba\u015fl\u0131kl\u0131 sunumlar\u0131n\u0131 ger\u00e7ekle\u015ftirdi.<\/p>\n<\/li>\n<\/ul>\n<p data-start=\"1793\" data-end=\"1907\">Panelin sonunda \u00dcniversite Rekt\u00f6r\u00fc Prof. Dr. Mustafa Kas\u0131m Karahocagil, panelistlere te\u015fekk\u00fcr belgesi takdim etti.<\/p>\n","protected":false},"excerpt":{"rendered":"<p>K\u0131r\u015fehir Ahi Evran \u00dcniversitesinde \u00d6\u011fretmenler G\u00fcn\u00fc Paneli D\u00fczenlendi K\u0131r\u015fehir Ahi Evran \u00dcniversitesi E\u011fitim Fak\u00fcltesi taraf\u0131ndan, Matematik E\u011fitimi Anabilim Dal\u0131n\u0131n \u00f6nc\u00fcl\u00fc\u011f\u00fcnde \u00d6\u011fretmenler G\u00fcn\u00fc Paneli d\u00fczenlendi. 24 Kas\u0131m 2025 tarihinde E\u011fitim Fak\u00fcltesi Konferans Salonunda ger\u00e7ekle\u015ftirilen panele \u00dcniversite Rekt\u00f6r\u00fc Prof. Dr. Mustafa Kas\u0131m Karahocagil, K\u0131r\u015fehir \u0130l Milli E\u011fitim M\u00fcd\u00fcr\u00fc Yusuf Yasin G\u00fcl\u015fen, akademik ve idari personel ile \u00f6\u011frenciler [&hellip;]<\/p>\n","protected":false},"author":1,"featured_media":903,"comment_status":"open","ping_status":"open","sticky":false,"template":"","format":"standard","meta":{"footnotes":""},"categories":[10,8],"tags":[],"class_list":["post-902","post","type-post","status-publish","format-standard","has-post-thumbnail","hentry","category-egitim","category-kirsehir"],"_links":{"self":[{"href":"https:\/\/www.kirsehirses.com\/index.php\/wp-json\/wp\/v2\/posts\/902","targetHints":{"allow":["GET"]}}],"collection":[{"href":"https:\/\/www.kirsehirses.com\/index.php\/wp-json\/wp\/v2\/posts"}],"about":[{"href":"https:\/\/www.kirsehirses.com\/index.php\/wp-json\/wp\/v2\/types\/post"}],"author":[{"embeddable":true,"href":"https:\/\/www.kirsehirses.com\/index.php\/wp-json\/wp\/v2\/users\/1"}],"replies":[{"embeddable":true,"href":"https:\/\/www.kirsehirses.com\/index.php\/wp-json\/wp\/v2\/comments?post=902"}],"version-history":[{"count":1,"href":"https:\/\/www.kirsehirses.com\/index.php\/wp-json\/wp\/v2\/posts\/902\/revisions"}],"predecessor-version":[{"id":904,"href":"https:\/\/www.kirsehirses.com\/index.php\/wp-json\/wp\/v2\/posts\/902\/revisions\/904"}],"wp:featuredmedia":[{"embeddable":true,"href":"https:\/\/www.kirsehirses.com\/index.php\/wp-json\/wp\/v2\/media\/903"}],"wp:attachment":[{"href":"https:\/\/www.kirsehirses.com\/index.php\/wp-json\/wp\/v2\/media?parent=902"}],"wp:term":[{"taxonomy":"category","embeddable":true,"href":"https:\/\/www.kirsehirses.com\/index.php\/wp-json\/wp\/v2\/categories?post=902"},{"taxonomy":"post_tag","embeddable":true,"href":"https:\/\/www.kirsehirses.com\/index.php\/wp-json\/wp\/v2\/tags?post=902"}],"curies":[{"name":"wp","href":"https:\/\/api.w.org\/{rel}","templated":true}]}}