{"id":905,"date":"2025-11-25T03:49:02","date_gmt":"2025-11-25T00:49:02","guid":{"rendered":"https:\/\/www.kirsehirses.com\/?p=905"},"modified":"2025-11-25T03:49:02","modified_gmt":"2025-11-25T00:49:02","slug":"15-bin-ogretmen-daha-atandi-goreve-baslama-tarihi-19-ocak-2026","status":"publish","type":"post","link":"https:\/\/www.kirsehirses.com\/index.php\/2025\/11\/25\/15-bin-ogretmen-daha-atandi-goreve-baslama-tarihi-19-ocak-2026\/","title":{"rendered":"15 Bin \u00d6\u011fretmen Daha Atand\u0131: G\u00f6reve Ba\u015flama Tarihi 19 Ocak 2026"},"content":{"rendered":"<p><strong>15 Bin \u00d6\u011fretmen Daha Atand\u0131: G\u00f6reve Ba\u015flama Tarihi 19 Ocak 2026<\/strong><\/p>\n<p data-start=\"258\" data-end=\"562\">15 bin s\u00f6zle\u015fmeli \u00f6\u011fretmenin g\u00f6rev yerleri, Be\u015ftepe Millet K\u00fct\u00fcphanesi\u2019nde d\u00fczenlenen ve Cumhurba\u015fkan\u0131 Recep Tayyip Erdo\u011fan\u2019\u0131n kat\u0131ld\u0131\u011f\u0131 programda a\u00e7\u0131kland\u0131. Atamas\u0131 yap\u0131lan \u00f6\u011fretmenler, g\u00fcvenlik soru\u015fturmas\u0131 ve ar\u015fiv ara\u015ft\u0131rmas\u0131n\u0131n tamamlanmas\u0131n\u0131n ard\u0131ndan 19 Ocak 2026 tarihinde g\u00f6revlerine ba\u015flayacak.<\/p>\n<p data-start=\"564\" data-end=\"1065\">15 bin s\u00f6zle\u015fmeli \u00f6\u011fretmen al\u0131m\u0131na ili\u015fkin s\u00fcre\u00e7te s\u00f6zl\u00fc s\u0131nav sonu\u00e7lar\u0131 ile KPSS puan\u0131n\u0131n y\u00fczde 50\u2019si ve s\u00f6zl\u00fc s\u0131nav puan\u0131n\u0131n y\u00fczde 50\u2019sinin esas al\u0131nd\u0131\u011f\u0131 ba\u015far\u0131 puanlar\u0131 29 A\u011fustos&#8217;ta duyurulmu\u015ftu. 2025 Y\u0131l\u0131 S\u00f6zle\u015fmeli \u00d6\u011fretmenlik Tercih ve Atama K\u0131lavuzu ise 15 Ekim\u2019de yay\u0131mlanm\u0131\u015ft\u0131. 1 Eyl\u00fcl\u2019de ba\u015flayan s\u00f6zl\u00fc s\u0131nav sonu\u00e7lar\u0131na y\u00f6nelik itiraz s\u00fcreci 5 Eyl\u00fcl\u2019de sona ermi\u015f, 3 Ekim\u2019e kadar komisyonlar taraf\u0131ndan de\u011ferlendirme yap\u0131lm\u0131\u015ft\u0131. 17\u201321 Kas\u0131m tarihleri aras\u0131nda tercih ba\u015fvurular\u0131 al\u0131nm\u0131\u015ft\u0131.<\/p>\n<h3 data-start=\"1067\" data-end=\"1115\"><strong data-start=\"1071\" data-end=\"1115\">En Fazla Kontenjan S\u0131n\u0131f \u00d6\u011fretmenli\u011finde<\/strong><\/h3>\n<p data-start=\"1116\" data-end=\"1188\">Atama sonu\u00e7lar\u0131na g\u00f6re en fazla kontenjan ayr\u0131lan bran\u015flar \u015fu \u015fekilde:<\/p>\n<ul data-start=\"1189\" data-end=\"1395\">\n<li data-start=\"1189\" data-end=\"1222\">\n<p data-start=\"1191\" data-end=\"1222\"><strong data-start=\"1191\" data-end=\"1214\">S\u0131n\u0131f \u00f6\u011fretmenli\u011fi:<\/strong> 4.378<\/p>\n<\/li>\n<li data-start=\"1223\" data-end=\"1262\">\n<p data-start=\"1225\" data-end=\"1262\"><strong data-start=\"1225\" data-end=\"1254\">\u00d6zel e\u011fitim \u00f6\u011fretmenli\u011fi:<\/strong> 3.087<\/p>\n<\/li>\n<li data-start=\"1263\" data-end=\"1319\">\n<p data-start=\"1265\" data-end=\"1319\"><strong data-start=\"1265\" data-end=\"1311\">Din k\u00fclt\u00fcr\u00fc ve ahlak bilgisi \u00f6\u011fretmenli\u011fi:<\/strong> 1.802<\/p>\n<\/li>\n<li data-start=\"1320\" data-end=\"1359\">\n<p data-start=\"1322\" data-end=\"1359\"><strong data-start=\"1322\" data-end=\"1351\">Okul \u00f6ncesi \u00f6\u011fretmenli\u011fi:<\/strong> 1.321<\/p>\n<\/li>\n<li data-start=\"1360\" data-end=\"1395\">\n<p data-start=\"1362\" data-end=\"1395\"><strong data-start=\"1362\" data-end=\"1389\">\u0130ngilizce \u00f6\u011fretmenli\u011fi:<\/strong> 757<\/p>\n<\/li>\n<\/ul>\n<p data-start=\"1397\" data-end=\"1585\">Atama planlamalar\u0131nda, \u00f6\u011fretmen istihdam\u0131nda g\u00fc\u00e7l\u00fck \u00e7ekilen b\u00f6lgeler ile kalk\u0131nmada \u00f6ncelikli y\u00f6reler dikkate al\u0131nd\u0131. Bran\u015f bazl\u0131 ihtiya\u00e7 oranlar\u0131 do\u011frultusunda kontenjan da\u011f\u0131l\u0131m\u0131 yap\u0131ld\u0131.<\/p>\n<h3 data-start=\"1587\" data-end=\"1618\"><strong data-start=\"1591\" data-end=\"1618\">\u00d6\u011fretmen Say\u0131s\u0131 Art\u0131yor<\/strong><\/h3>\n<p data-start=\"1619\" data-end=\"1894\">2002 y\u0131l\u0131ndan bu yana 821 binin \u00fczerinde \u00f6\u011fretmen atamas\u0131 ger\u00e7ekle\u015ftirildi. Resmi verilere g\u00f6re h\u00e2lihaz\u0131rda devlet okullar\u0131nda g\u00f6rev yapan \u00f6\u011fretmen say\u0131s\u0131 1 milyon 34 bin 564. Bug\u00fcn yap\u0131lan 15 bin s\u00f6zle\u015fmeli \u00f6\u011fretmen atamas\u0131yla bu say\u0131 1 milyon 49 bin 564\u2019e y\u00fckselmi\u015f olacak.<\/p>\n<p data-start=\"1896\" data-end=\"2068\">2003\u20132025 d\u00f6neminde yap\u0131lan 821 bin 351 atamaya eklenen bu 15 bin atama ile toplam say\u0131 836 bin 351\u2019e ula\u015ft\u0131. Bu rakam mevcut kadronun yakla\u015f\u0131k y\u00fczde 80,84\u2019\u00fcn\u00fc olu\u015fturuyor.<\/p>\n","protected":false},"excerpt":{"rendered":"<p>15 Bin \u00d6\u011fretmen Daha Atand\u0131: G\u00f6reve Ba\u015flama Tarihi 19 Ocak 2026 15 bin s\u00f6zle\u015fmeli \u00f6\u011fretmenin g\u00f6rev yerleri, Be\u015ftepe Millet K\u00fct\u00fcphanesi\u2019nde d\u00fczenlenen ve Cumhurba\u015fkan\u0131 Recep Tayyip Erdo\u011fan\u2019\u0131n kat\u0131ld\u0131\u011f\u0131 programda a\u00e7\u0131kland\u0131. Atamas\u0131 yap\u0131lan \u00f6\u011fretmenler, g\u00fcvenlik soru\u015fturmas\u0131 ve ar\u015fiv ara\u015ft\u0131rmas\u0131n\u0131n tamamlanmas\u0131n\u0131n ard\u0131ndan 19 Ocak 2026 tarihinde g\u00f6revlerine ba\u015flayacak. 15 bin s\u00f6zle\u015fmeli \u00f6\u011fretmen al\u0131m\u0131na ili\u015fkin s\u00fcre\u00e7te s\u00f6zl\u00fc s\u0131nav sonu\u00e7lar\u0131 [&hellip;]<\/p>\n","protected":false},"author":1,"featured_media":906,"comment_status":"open","ping_status":"open","sticky":false,"template":"","format":"standard","meta":{"footnotes":""},"categories":[10,7],"tags":[],"class_list":["post-905","post","type-post","status-publish","format-standard","has-post-thumbnail","hentry","category-egitim","category-turkiye"],"_links":{"self":[{"href":"https:\/\/www.kirsehirses.com\/index.php\/wp-json\/wp\/v2\/posts\/905","targetHints":{"allow":["GET"]}}],"collection":[{"href":"https:\/\/www.kirsehirses.com\/index.php\/wp-json\/wp\/v2\/posts"}],"about":[{"href":"https:\/\/www.kirsehirses.com\/index.php\/wp-json\/wp\/v2\/types\/post"}],"author":[{"embeddable":true,"href":"https:\/\/www.kirsehirses.com\/index.php\/wp-json\/wp\/v2\/users\/1"}],"replies":[{"embeddable":true,"href":"https:\/\/www.kirsehirses.com\/index.php\/wp-json\/wp\/v2\/comments?post=905"}],"version-history":[{"count":1,"href":"https:\/\/www.kirsehirses.com\/index.php\/wp-json\/wp\/v2\/posts\/905\/revisions"}],"predecessor-version":[{"id":907,"href":"https:\/\/www.kirsehirses.com\/index.php\/wp-json\/wp\/v2\/posts\/905\/revisions\/907"}],"wp:featuredmedia":[{"embeddable":true,"href":"https:\/\/www.kirsehirses.com\/index.php\/wp-json\/wp\/v2\/media\/906"}],"wp:attachment":[{"href":"https:\/\/www.kirsehirses.com\/index.php\/wp-json\/wp\/v2\/media?parent=905"}],"wp:term":[{"taxonomy":"category","embeddable":true,"href":"https:\/\/www.kirsehirses.com\/index.php\/wp-json\/wp\/v2\/categories?post=905"},{"taxonomy":"post_tag","embeddable":true,"href":"https:\/\/www.kirsehirses.com\/index.php\/wp-json\/wp\/v2\/tags?post=905"}],"curies":[{"name":"wp","href":"https:\/\/api.w.org\/{rel}","templated":true}]}}