{"id":908,"date":"2025-11-25T03:52:46","date_gmt":"2025-11-25T00:52:46","guid":{"rendered":"https:\/\/www.kirsehirses.com\/?p=908"},"modified":"2025-11-25T03:52:46","modified_gmt":"2025-11-25T00:52:46","slug":"gelecegi-insa-eden-sessiz-kahramanlar-ogretmenler","status":"publish","type":"post","link":"https:\/\/www.kirsehirses.com\/index.php\/2025\/11\/25\/gelecegi-insa-eden-sessiz-kahramanlar-ogretmenler\/","title":{"rendered":"Gelece\u011fi \u0130n\u015fa Eden Sessiz Kahramanlar: \u00d6\u011fretmenler"},"content":{"rendered":"<p><strong>Gelece\u011fi \u0130n\u015fa Eden Sessiz Kahramanlar: \u00d6\u011fretmenler<\/strong><\/p>\n<p><span style=\"font-weight: 400;\">D\u00fcn, 24 Kas\u0131m \u00d6\u011fretmenler G\u00fcn\u00fc\u2019nde gelece\u011fimizi \u015fekillendiren \u00f6\u011fretmenlerimizi bir kez daha sayg\u0131 ve minnetle and\u0131k. Her y\u0131l oldu\u011fu gibi bu \u00f6zel g\u00fcn, sadece bir takvim hat\u0131rlatmas\u0131 de\u011fil; millet\u00e7e i\u00e7imizde ta\u015f\u0131d\u0131\u011f\u0131m\u0131z \u015f\u00fckran\u0131n, sayg\u0131n\u0131n ve vefan\u0131n d\u0131\u015fa vurumuydu. Hepimiz biliyoruz ki \u00f6\u011fretmenlik, bir meslekten \u00e7ok daha fazlas\u0131d\u0131r. Milletleri aya\u011fa kald\u0131ran, toplumlar\u0131 ileriye ta\u015f\u0131yan gizli kahramanlar\u0131n ad\u0131d\u0131r \u00f6\u011fretmenler.<\/span><\/p>\n<p><span style=\"font-weight: 400;\">Cumhuriyetimizin kurulu\u015fundan itibaren e\u011fitim, yeni devletin temel ta\u015flar\u0131ndan biri olarak kabul edildi. Reis-i Cumhur Gazi Mustafa Kemal Atat\u00fcrk\u2019\u00fcn \u00f6nderli\u011finde hayata ge\u00e7irilen b\u00fcy\u00fck d\u00f6n\u00fc\u015f\u00fcm hamleleri, \u00f6zellikle 1928\u2019de ger\u00e7ekle\u015ftirilen Harf \u0130nk\u0131l\u00e2b\u0131 ile \u00f6nemli bir ivme kazand\u0131. Bu ink\u0131l\u00e2pla yaln\u0131zca bir alfabe de\u011fi\u015fikli\u011fine gidilmedi; ayn\u0131 zamanda bir milletin ufku geni\u015fletildi, gelece\u011fe dair bak\u0131\u015f\u0131 yenilendi.<\/span><\/p>\n<p><span style=\"font-weight: 400;\">Bununla birlikte Harf \u0130nk\u0131l\u00e2b\u0131\u2019n\u0131n sonu\u00e7lar\u0131na dair tart\u0131\u015fmalar g\u00fcn\u00fcm\u00fczde de devam ediyor. Bir k\u0131s\u0131m g\u00f6r\u00fc\u015f, bu de\u011fi\u015fimle milletin bir gecede okuma yazma bilmeyen toplum haline getirildi\u011fini savunurken; di\u011fer bir kesim, yap\u0131lan d\u00fczenlemenin \u00e7a\u011fda\u015fla\u015fma yolunda ka\u00e7\u0131n\u0131lmaz ve tarih\u00ee bir ad\u0131m oldu\u011funu ifade ediyor. \u0130\u015fte 24 Kas\u0131m da Atat\u00fcrk\u2019\u00fcn \u201cBa\u015f\u00f6\u011fretmen\u201d unvan\u0131n\u0131 kabul etti\u011fi g\u00fcn olarak bu anlaml\u0131 s\u00fcrecin simgelerinden biri h\u00e2line geldi.<\/span><\/p>\n<p><span style=\"font-weight: 400;\">Bug\u00fcn ise e\u011fitim ordumuz her ge\u00e7en y\u0131l daha da g\u00fc\u00e7leniyor. D\u00fcn yap\u0131lan atamalarla 15 bin yeni \u00f6\u011fretmen daha e\u011fitim ordusuna kat\u0131ld\u0131. Mill\u00ee E\u011fitim Bakanl\u0131\u011f\u0131n\u0131n verilerine g\u00f6re resm\u00ee e\u011fitim kurumlar\u0131nda g\u00f6rev yapan \u00f6\u011fretmen say\u0131s\u0131 1 milyon 34 bin 564 iken, bu rakam atamalarla birlikte yakla\u015f\u0131k 1 milyon 50 bine ula\u015ft\u0131. \u00d6zel e\u011fitim kurumlar\u0131nda g\u00f6rev yapan \u00f6\u011fretmenleri de ekledi\u011fimizde T\u00fcrkiye\u2019nin e\u011fitim neferleri toplamda 1 milyon 200 bine yakla\u015f\u0131yor.<\/span><\/p>\n<p><span style=\"font-weight: 400;\">Atamalarda en fazla kontenjan\u0131n ayr\u0131ld\u0131\u011f\u0131 bran\u015flara bakt\u0131\u011f\u0131m\u0131zda e\u011fitimdeki \u00f6nceliklerimizi de g\u00f6rmek m\u00fcmk\u00fcn:<\/span><\/p>\n<p><span style=\"font-weight: 400;\">\u25aa\ufe0f S\u0131n\u0131f \u00f6\u011fretmenli\u011fi: 4.378<\/span><\/p>\n<p><span style=\"font-weight: 400;\">\u25aa\ufe0f \u00d6zel e\u011fitim \u00f6\u011fretmenli\u011fi: 3.087<\/span><\/p>\n<p><span style=\"font-weight: 400;\">\u25aa\ufe0f Din k\u00fclt\u00fcr\u00fc ve ahlak bilgisi: 1.802<\/span><\/p>\n<p><span style=\"font-weight: 400;\">\u25aa\ufe0f Okul \u00f6ncesi \u00f6\u011fretmenli\u011fi: 1.321<\/span><\/p>\n<p><span style=\"font-weight: 400;\">\u25aa\ufe0f \u0130ngilizce \u00f6\u011fretmenli\u011fi: 757<\/span><\/p>\n<p><span style=\"font-weight: 400;\">\u25aa\ufe0f Di\u011fer bran\u015flar: 3.655<\/span><\/p>\n<p><span style=\"font-weight: 400;\">Bu da\u011f\u0131l\u0131m, \u00f6zellikle s\u0131n\u0131f \u00f6\u011fretmenli\u011fi ve \u00f6zel e\u011fitim alanlar\u0131nda ciddi bir ihtiya\u00e7 oldu\u011funu g\u00f6steriyor. Erken \u00e7ocukluk d\u00f6neminden ba\u015flayarak \u00f6zel e\u011fitime kadar geni\u015f bir yelpazede \u00f6\u011fretmenlerimizin rol\u00fc, her ge\u00e7en g\u00fcn daha da kritik h\u00e2le geliyor.<\/span><\/p>\n<p><span style=\"font-weight: 400;\">\u015eunu unutmamal\u0131y\u0131z ki hepimizin hayat\u0131nda \u00f6zel bir yeri olan \u201cilk \u00f6\u011fretmenimiz\u201d, asl\u0131nda bu mesle\u011fin kutsall\u0131\u011f\u0131n\u0131 bizlere en erken ya\u015fta anlatan ki\u015fidir. Aradan y\u0131llar ge\u00e7se de onlar\u0131 g\u00f6rd\u00fc\u011f\u00fcm\u00fczde i\u00e7imizde hemen bir sayg\u0131 refleksi do\u011far. Adlar\u0131n\u0131 duysak tebess\u00fcm eder, hat\u0131ralar\u0131n\u0131 minnetle y\u00e2d ederiz. \u00c7\u00fcnk\u00fc \u00f6\u011fretmenler sadece ders anlatmaz; karakterimizi \u015fekillendirir, d\u00fc\u015f\u00fcnmeyi \u00f6\u011fretir, hayat\u0131m\u0131za y\u00f6n veren duraklar olu\u015ftururlar.<\/span><\/p>\n<p><span style=\"font-weight: 400;\">\u0130lkokul \u00f6\u011fretmenim Duran Arslan\u2019d\u0131. 1970 y\u0131l\u0131nda ba\u015flad\u0131\u011f\u0131m e\u011fitim hayat\u0131mda bana yol g\u00f6steren ilk \u00f6\u011fretmenimdi. Kendisiyle y\u0131llar boyunca s\u0131k s\u0131k g\u00f6r\u00fc\u015fmeye devam ettik. Her kar\u015f\u0131la\u015fmam\u0131zda ve her telefon konu\u015fmam\u0131zda ona duydu\u011fum sayg\u0131 ve heyecan hi\u00e7 azalmad\u0131. Olduk\u00e7a sa\u011fl\u0131kl\u0131 ve din\u00e7 bir insand\u0131. Ancak 9 Eyl\u00fcl 2025 tarihinde 83 ya\u015f\u0131nda vefat etti\u011fini b\u00fcy\u00fck bir \u00fcz\u00fcnt\u00fcyle \u00f6\u011frendim. Cenazesine kat\u0131larak son g\u00f6revimizi yerine getirdik. K\u0131ymetli \u00f6\u011fretmenime rahmet diliyorum.\u00a0<\/span><\/p>\n<p><span style=\"font-weight: 400;\">Di\u011fer taraftan lise y\u0131llar\u0131nda hemen akl\u0131ma gelen \u00f6\u011fretmenimiz Ali Ercan Ba\u011f. Ali Ercan hocam\u0131z Matematik \u00f6\u011fretmeni. E\u011fer dersi sevmiyorsan\u0131z hocaya da mesafeli oluyorsunuz do\u011fal olarak. Ba\u015fka bir ayr\u0131nt\u0131 daha var. Bizim \u00f6\u011frencili\u011fimiz 70\u2019li y\u0131llar\u0131n sonu, her \u015feyin siyasi g\u00f6r\u00fc\u015fle de\u011ferlendirildi\u011fi bir d\u00f6nem. \u00dcstelik biz \u0130mam Hatip Lisesi \u00f6\u011frencisiyiz ve okulda sol g\u00f6r\u00fc\u015fl\u00fc \u00f6\u011frenci hi\u00e7 yok, \u00f6\u011fretmen say\u0131s\u0131 da s\u0131n\u0131rl\u0131. Ali Ercan hocam\u0131zda sol g\u00f6r\u00fc\u015fl\u00fc. Ama en \u00e7ok sevdi\u011fimiz hocam\u0131z. Sayg\u0131 duydu\u011fumuz, beraber olmaktan, sohbet etmekten mutluluk duydu\u011fumuz bir hocam\u0131z. Demek ki bizlere kendisini kabul ettirmi\u015f bir e\u011fitimci. Hocam\u0131z \u00e7oktan emekli oldu ve \u015fimdi Ege B\u00f6lgesinde bir \u015fehirde ya\u015f\u0131yor. Bu arada Kimya hocam\u0131z Hulusi Ate\u015f\u2019in ad\u0131n\u0131 da anmadan ge\u00e7emeyece\u011fim. Hem Hulusi Ate\u015f hocam\u0131z\u0131n hem de Ali Ercan Ba\u011f hocam\u0131z\u0131n g\u00fcn\u00fcn\u00fc kutluyor, sayg\u0131lar sunuyorum.\u00a0<\/span><\/p>\n<p><span style=\"font-weight: 400;\">Ya\u015fad\u0131klar\u0131m\u0131z bize g\u00f6steriyor ki, \u00f6\u011fretmenlik sadece d\u00fcnyev\u00ee bir sorumluluk de\u011fil; dinimiz a\u00e7\u0131s\u0131ndan da son derece y\u00fcce bir g\u00f6revdir. \u0130slam, ilme ve \u00f6\u011fretmeye b\u00fcy\u00fck de\u011fer verir; ilk vahiy \u201cOku!\u201d emriyle ba\u015flar. Bu bak\u0131mdan bizlere okumay\u0131 \u00f6\u011freten \u00f6\u011fretmenlerimiz, hem d\u00fcnyan\u0131n hem ahiretin yolunu ayd\u0131nlatan irfan yolcular\u0131d\u0131r. \u0130slam\u2019\u0131n ilk emrine uygun olarak \u00f6\u011fretmenlerimiz bilgiye te\u015fvik eder; kalemi ve \u00f6\u011frenciyle kurduklar\u0131 ba\u011f sayesinde ilim bayra\u011f\u0131n\u0131 ta\u015f\u0131rlar. Bu y\u00f6n\u00fcyle \u00f6\u011fretmenlik, \u0130slam\u2019da s\u0131radan bir meslek de\u011fil; \u00f6nde gelen bir g\u00f6revdir: bilgiye \u00e7a\u011fr\u0131, insanl\u0131\u011fa hizmettir.<\/span><\/p>\n<p><span style=\"font-weight: 400;\">Ne var ki bu kutsal g\u00f6rev her zaman kolay y\u00fcr\u00fcmemi\u015ftir. \u00d6\u011fretmenlerin pek \u00e7ok sorunu h\u00e2l\u00e2 var: \u015fiddet tehdidi, d\u00fc\u015f\u00fck \u00fccretler, meslek\u00ee t\u00fckenmi\u015flik, k\u0131rsal b\u00f6lgelerde \u00e7al\u0131\u015fma zorluklar\u0131 ve atanma s\u0131k\u0131nt\u0131s\u0131 gibi gelece\u011fe dair belirsizlikler\u2026 Bu zorluklar, sadece e\u011fitim personelinin de\u011fil, t\u00fcm toplumun gelece\u011fi i\u00e7in ciddi riskler ta\u015f\u0131r.<\/span><\/p>\n<p><span style=\"font-weight: 400;\">\u00dcstelik maalesef tarihimiz ac\u0131larla da doludur. PKK ter\u00f6r\u00fc nedeniyle \u00e7ok say\u0131da \u00f6\u011fretmenimizi kaybettik. Ter\u00f6ristler \u00f6\u011fretmenlerimize y\u00f6nelik ilk sald\u0131r\u0131y\u0131, 22 ya\u015f\u0131ndaki \u015eenol Akar\u2019a kar\u015f\u0131, 12 Kas\u0131m 1987\u2019de \u015e\u0131rnak-Yo\u011furt\u00e7ular k\u00f6y\u00fcnde ger\u00e7ekle\u015ftirdi. Bu tarihten sonra g\u00f6ndere T\u00fcrk bayra\u011f\u0131 \u00e7ekti\u011fi, okulu kapatmad\u0131\u011f\u0131 gibi gerek\u00e7elerle 40 y\u0131ll\u0131k s\u00fcre\u00e7te onlarca \u00f6\u011fretmenimiz PKK\u2019l\u0131 ter\u00f6ristler taraf\u0131ndan \u015fehit edildi. Bu konuda \u00f6zellikle rakam ifade etmiyorum; \u00e7\u00fcnk\u00fc farkl\u0131 kaynaklarca \u015fehit \u00f6\u011fretmen say\u0131s\u0131 konusunda de\u011fi\u015fik rakamlar telaffuz ediliyor. \u015eehit edilen fedak\u00e2r \u00f6\u011fretmenlerin her biri, sadece birer birey de\u011fil; yurduna, \u00f6\u011frencilerine \u0131\u015f\u0131k tutmaya \u00e7al\u0131\u015fan kahramanlard\u0131.<\/span><\/p>\n<p><span style=\"font-weight: 400;\">Onlar\u0131n \u015fehadeti yaln\u0131zca bir kay\u0131p de\u011fil; T\u00fcrkiye\u2019nin gelece\u011fine yap\u0131lan bir sald\u0131r\u0131d\u0131r. \u00c7\u00fcnk\u00fc her bir \u00f6\u011fretmen, y\u00fczler, hatta binlerce \u00f6\u011frenciyi yeti\u015ftirir. E\u011fitim ordumuz, bir\u00e7ok \u00fclkenin n\u00fcfusundan bile daha fazla genci \u015fekillendirme kapasitesine sahiptir. \u00d6\u011fretmenlerin e\u011fitti\u011fi nesiller bir \u00fclkenin gelece\u011fini kurar; onlar\u0131n eme\u011fi sadece bug\u00fcn de\u011fil, yar\u0131nlar\u0131 in\u015fa eder. \u0130\u015fte \u00f6\u011fretmenler, b\u00f6lge insan\u0131 e\u011fitimsiz kals\u0131n, cahil kals\u0131n diye hedef al\u0131nm\u0131\u015ft\u0131r.<\/span><\/p>\n<p><span style=\"font-weight: 400;\">\u00a0K\u0131r\u015fehir\u2019de g\u00f6rev yapan \u00f6\u011fretmen say\u0131s\u0131 3 bin 997. Bu say\u0131, yaln\u0131zca bir istatistik de\u011fil; gelece\u011fimizin emanet edildi\u011fi devasa bir insan g\u00fcc\u00fcn\u00fcn g\u00f6stergesi.<\/span><\/p>\n<p><span style=\"font-weight: 400;\">K\u0131r\u015fehir, e\u011fitimdeki ba\u015far\u0131s\u0131yla y\u0131llarca ad\u0131ndan s\u00f6z ettirmi\u015f bir \u015fehirdir. K\u0131r\u015fehirliler, Anadolu\u2019yu ayd\u0131nlatan atalar\u0131ndan miras kalan anlay\u0131\u015fla e\u011fitime b\u00fcy\u00fck \u00f6nem vermi\u015f; ba\u015far\u0131l\u0131 e\u011fitim hem ailelerin hem de \u00f6\u011fretmenlerin \u00e7abalar\u0131yla ku\u015faktan ku\u015fa\u011fa aktar\u0131lm\u0131\u015ft\u0131r. \u00d6\u011fretmenlerimizin \u00f6zverisi ve velilerimizin g\u00f6sterdi\u011fi \u00f6zel ilgi sayesinde K\u0131r\u015fehirli \u00f6\u011frenciler, \u00fclkemizin sayg\u0131n \u00fcniversitelerinde e\u011fitim g\u00f6rm\u00fc\u015f; devletimizin ve i\u015f d\u00fcnyas\u0131n\u0131n \u00f6nemli makamlar\u0131nda g\u00f6rev alm\u0131\u015flard\u0131r.\u00a0<\/span><\/p>\n<p><span style=\"font-weight: 400;\">K\u0131r\u015fehir\u2019in e\u011fitimdeki y\u00fckseli\u015fi, 1990\u2019l\u0131 y\u0131llar\u0131n sonlar\u0131nda K\u0131r\u015fehir\u2019e \u0130l Mill\u00ee E\u011fitim M\u00fcd\u00fcr\u00fc olarak atanan Timur \u015eeyho\u011flu d\u00f6neminde yeni bir ivme kazanm\u0131\u015ft\u0131r. Bu s\u00fcre\u00e7te \u00f6\u011frencilerimiz hem liselere ge\u00e7i\u015f hem de \u00fcniversite s\u0131navlar\u0131nda T\u00fcrkiye\u2019nin ilk \u00fc\u00e7 ili aras\u0131nda yer almay\u0131 ba\u015farm\u0131\u015flard\u0131r. \u00d6yle ki, e\u011fitim \u00e7a\u011f\u0131nda \u00e7ocuklar\u0131 bulunan kamu g\u00f6revlileri tayin tercihlerinde K\u0131r\u015fehir\u2019i ilk s\u0131raya yazm\u0131\u015flar, \u00e7evre illerden aileler K\u0131r\u015fehir\u2019e ta\u015f\u0131nmaya ba\u015flam\u0131\u015flard\u0131r. Valilerimizin konu\u015fma metinlerini haz\u0131rlarken bu ba\u015far\u0131y\u0131 \u201cK\u0131r\u015fehir, e\u011fitimde \u00fclkemizin marka kentidir\u201d c\u00fcmlesiyle ifade ediyordum.<\/span><\/p>\n<p><span style=\"font-weight: 400;\">Ne var ki, sonraki y\u0131llarda yap\u0131lan k\u0131sa s\u00fcreli \u0130l Milli E\u011fitim M\u00fcd\u00fcr\u00fc atamalar\u0131 bu ba\u015far\u0131da bir miktar gerilemeye yol a\u00e7m\u0131\u015ft\u0131r. Buna ra\u011fmen K\u0131r\u015fehir, e\u011fitimdeki g\u00fc\u00e7l\u00fc gelene\u011fini s\u00fcrd\u00fcrmekte; ilk \u00fc\u00e7 \u015fehir aras\u0131nda olmasa da h\u00e2l\u00e2 \u00fclkemizin \u00f6rnek g\u00f6sterilen \u015fehirleri aras\u0131nda yer almaktad\u0131r. Bu ba\u015far\u0131da pay sahibi olan t\u00fcm y\u00f6neticilerimize ve \u00f6\u011fretmenlerimize minnet duygular\u0131m\u0131 bir kez daha ifade ediyorum.<\/span><\/p>\n<p><span style=\"font-weight: 400;\">Bug\u00fcn \u00fclkemizde \u00f6\u011fretmenlerimiz, gelece\u011fimiz olan \u00e7ocuklar\u0131m\u0131z i\u00e7in emek veriyor, fedak\u00e2rl\u0131k yap\u0131yor, sab\u0131r g\u00f6steriyor. Onlar\u0131n eme\u011fini kelimelerle anlatmak \u00e7o\u011fu zaman yetersiz kalsa da bir ger\u00e7ek de\u011fi\u015fmiyor: Bu \u00fclke, \u00f6\u011fretmenlerinin omuzlar\u0131nda y\u00fckseliyor. Gazi Mustafa Kemal Atat\u00fcrk\u2019\u00fcn \u201c\u00d6\u011fretmenler, yeni nesil sizin eseriniz olacakt\u0131r.\u201d s\u00f6z\u00fcn\u00fc hat\u0131rlad\u0131\u011f\u0131m\u0131zda, asl\u0131nda bug\u00fcn kutlad\u0131\u011f\u0131m\u0131z g\u00fcn\u00fcn ne kadar derin bir anlam ta\u015f\u0131d\u0131\u011f\u0131n\u0131 daha iyi anl\u0131yoruz.<\/span><\/p>\n<p><span style=\"font-weight: 400;\">Bir g\u00fcn de\u011fil, her g\u00fcn hat\u0131rlamam\u0131z gereken bu kutsal mesle\u011fin t\u00fcm mensuplar\u0131na minnetle\u2026<\/span><\/p>\n<p><span style=\"font-weight: 400;\">T\u00fcm \u00f6\u011fretmenlerimizin \u00d6\u011fretmenler G\u00fcn\u00fc kutlu olsun.<\/span><\/p>\n","protected":false},"excerpt":{"rendered":"<p>Gelece\u011fi \u0130n\u015fa Eden Sessiz Kahramanlar: \u00d6\u011fretmenler D\u00fcn, 24 Kas\u0131m \u00d6\u011fretmenler G\u00fcn\u00fc\u2019nde gelece\u011fimizi \u015fekillendiren \u00f6\u011fretmenlerimizi bir kez daha sayg\u0131 ve minnetle and\u0131k. Her y\u0131l oldu\u011fu gibi bu \u00f6zel g\u00fcn, sadece bir takvim hat\u0131rlatmas\u0131 de\u011fil; millet\u00e7e i\u00e7imizde ta\u015f\u0131d\u0131\u011f\u0131m\u0131z \u015f\u00fckran\u0131n, sayg\u0131n\u0131n ve vefan\u0131n d\u0131\u015fa vurumuydu. Hepimiz biliyoruz ki \u00f6\u011fretmenlik, bir meslekten \u00e7ok daha fazlas\u0131d\u0131r. Milletleri aya\u011fa kald\u0131ran, toplumlar\u0131 [&hellip;]<\/p>\n","protected":false},"author":1,"featured_media":909,"comment_status":"open","ping_status":"open","sticky":false,"template":"","format":"standard","meta":{"footnotes":""},"categories":[8],"tags":[],"class_list":["post-908","post","type-post","status-publish","format-standard","has-post-thumbnail","hentry","category-kirsehir"],"_links":{"self":[{"href":"https:\/\/www.kirsehirses.com\/index.php\/wp-json\/wp\/v2\/posts\/908","targetHints":{"allow":["GET"]}}],"collection":[{"href":"https:\/\/www.kirsehirses.com\/index.php\/wp-json\/wp\/v2\/posts"}],"about":[{"href":"https:\/\/www.kirsehirses.com\/index.php\/wp-json\/wp\/v2\/types\/post"}],"author":[{"embeddable":true,"href":"https:\/\/www.kirsehirses.com\/index.php\/wp-json\/wp\/v2\/users\/1"}],"replies":[{"embeddable":true,"href":"https:\/\/www.kirsehirses.com\/index.php\/wp-json\/wp\/v2\/comments?post=908"}],"version-history":[{"count":1,"href":"https:\/\/www.kirsehirses.com\/index.php\/wp-json\/wp\/v2\/posts\/908\/revisions"}],"predecessor-version":[{"id":910,"href":"https:\/\/www.kirsehirses.com\/index.php\/wp-json\/wp\/v2\/posts\/908\/revisions\/910"}],"wp:featuredmedia":[{"embeddable":true,"href":"https:\/\/www.kirsehirses.com\/index.php\/wp-json\/wp\/v2\/media\/909"}],"wp:attachment":[{"href":"https:\/\/www.kirsehirses.com\/index.php\/wp-json\/wp\/v2\/media?parent=908"}],"wp:term":[{"taxonomy":"category","embeddable":true,"href":"https:\/\/www.kirsehirses.com\/index.php\/wp-json\/wp\/v2\/categories?post=908"},{"taxonomy":"post_tag","embeddable":true,"href":"https:\/\/www.kirsehirses.com\/index.php\/wp-json\/wp\/v2\/tags?post=908"}],"curies":[{"name":"wp","href":"https:\/\/api.w.org\/{rel}","templated":true}]}}