{"id":911,"date":"2025-11-28T04:05:52","date_gmt":"2025-11-28T01:05:52","guid":{"rendered":"https:\/\/www.kirsehirses.com\/?p=911"},"modified":"2025-11-28T04:05:52","modified_gmt":"2025-11-28T01:05:52","slug":"kirsehir-mucurdan-81-ile-vefa-projesi-trt-haberde","status":"publish","type":"post","link":"https:\/\/www.kirsehirses.com\/index.php\/2025\/11\/28\/kirsehir-mucurdan-81-ile-vefa-projesi-trt-haberde\/","title":{"rendered":"K\u0131r\u015fehir Mucur&#8217;dan 81 \u0130le Vefa Projesi TRT Haber&#8217;de"},"content":{"rendered":"<p><strong>K\u0131r\u015fehir Mucur&#8217;dan 81 \u0130le Vefa Projesi TRT Haber&#8217;de<\/strong><\/p>\n<p>Mucur il\u00e7esindeki K\u0131z\u0131lda\u011f Yeniyapan \u015eehit Muzaffer K\u0131l\u0131\u00e7aslan \u0130mam Hatip Ortaokulu, 24 Kas\u0131m \u00d6\u011fretmenler G\u00fcn\u00fc kapsam\u0131nda T\u00fcrkiye genelinde \u00f6rnek bir projeye imza att\u0131.<\/p>\n<p>Okul y\u00f6neticileri, \u00f6\u011fretmenler ve \u00f6\u011frenciler, 81 ilden belirlenen 81 \u00f6\u011fretmene ula\u015farak \u00f6\u011frenciler taraf\u0131ndan haz\u0131rlanan tebrik kartpostallar\u0131n\u0131, K\u0131r\u015fehir\u2019e \u00f6zg\u00fc hediyeleri ve T\u00fcrk bayra\u011f\u0131n\u0131 g\u00f6nderdi.<\/p>\n<p>\u201cEdirne\u2019den Kars\u2019a \u00f6\u011fretmenlere vefa\u201d mesaj\u0131yla y\u00fcr\u00fct\u00fclen \u00e7al\u0131\u015fma, g\u00f6n\u00fclleri bulu\u015fturan anlaml\u0131 bir k\u00f6pr\u00fc olu\u015fturdu. G\u00f6nderilen hediyeleri teslim alan \u00f6\u011fretmenler, sosyal medya payla\u015f\u0131mlar\u0131yla memnuniyetlerini dile getirdi.<\/p>\n","protected":false},"excerpt":{"rendered":"<p>K\u0131r\u015fehir Mucur&#8217;dan 81 \u0130le Vefa Projesi TRT Haber&#8217;de Mucur il\u00e7esindeki K\u0131z\u0131lda\u011f Yeniyapan \u015eehit Muzaffer K\u0131l\u0131\u00e7aslan \u0130mam Hatip Ortaokulu, 24 Kas\u0131m \u00d6\u011fretmenler G\u00fcn\u00fc kapsam\u0131nda T\u00fcrkiye genelinde \u00f6rnek bir projeye imza att\u0131. Okul y\u00f6neticileri, \u00f6\u011fretmenler ve \u00f6\u011frenciler, 81 ilden belirlenen 81 \u00f6\u011fretmene ula\u015farak \u00f6\u011frenciler taraf\u0131ndan haz\u0131rlanan tebrik kartpostallar\u0131n\u0131, K\u0131r\u015fehir\u2019e \u00f6zg\u00fc hediyeleri ve T\u00fcrk bayra\u011f\u0131n\u0131 g\u00f6nderdi. \u201cEdirne\u2019den Kars\u2019a [&hellip;]<\/p>\n","protected":false},"author":1,"featured_media":912,"comment_status":"open","ping_status":"open","sticky":false,"template":"","format":"standard","meta":{"footnotes":""},"categories":[10,8],"tags":[],"class_list":["post-911","post","type-post","status-publish","format-standard","has-post-thumbnail","hentry","category-egitim","category-kirsehir"],"_links":{"self":[{"href":"https:\/\/www.kirsehirses.com\/index.php\/wp-json\/wp\/v2\/posts\/911","targetHints":{"allow":["GET"]}}],"collection":[{"href":"https:\/\/www.kirsehirses.com\/index.php\/wp-json\/wp\/v2\/posts"}],"about":[{"href":"https:\/\/www.kirsehirses.com\/index.php\/wp-json\/wp\/v2\/types\/post"}],"author":[{"embeddable":true,"href":"https:\/\/www.kirsehirses.com\/index.php\/wp-json\/wp\/v2\/users\/1"}],"replies":[{"embeddable":true,"href":"https:\/\/www.kirsehirses.com\/index.php\/wp-json\/wp\/v2\/comments?post=911"}],"version-history":[{"count":1,"href":"https:\/\/www.kirsehirses.com\/index.php\/wp-json\/wp\/v2\/posts\/911\/revisions"}],"predecessor-version":[{"id":913,"href":"https:\/\/www.kirsehirses.com\/index.php\/wp-json\/wp\/v2\/posts\/911\/revisions\/913"}],"wp:featuredmedia":[{"embeddable":true,"href":"https:\/\/www.kirsehirses.com\/index.php\/wp-json\/wp\/v2\/media\/912"}],"wp:attachment":[{"href":"https:\/\/www.kirsehirses.com\/index.php\/wp-json\/wp\/v2\/media?parent=911"}],"wp:term":[{"taxonomy":"category","embeddable":true,"href":"https:\/\/www.kirsehirses.com\/index.php\/wp-json\/wp\/v2\/categories?post=911"},{"taxonomy":"post_tag","embeddable":true,"href":"https:\/\/www.kirsehirses.com\/index.php\/wp-json\/wp\/v2\/tags?post=911"}],"curies":[{"name":"wp","href":"https:\/\/api.w.org\/{rel}","templated":true}]}}