{"id":914,"date":"2025-11-28T04:07:55","date_gmt":"2025-11-28T01:07:55","guid":{"rendered":"https:\/\/www.kirsehirses.com\/?p=914"},"modified":"2025-11-28T04:07:55","modified_gmt":"2025-11-28T01:07:55","slug":"erol-gungor-anma-paneli-duzenlendi","status":"publish","type":"post","link":"https:\/\/www.kirsehirses.com\/index.php\/2025\/11\/28\/erol-gungor-anma-paneli-duzenlendi\/","title":{"rendered":"Erol G\u00fcng\u00f6r Anma Paneli D\u00fczenlendi"},"content":{"rendered":"<p><strong>Erol G\u00fcng\u00f6r Anma Paneli D\u00fczenlendi<\/strong><\/p>\n<p>K\u0131r\u015fehir Valili\u011fi koordinesinde, Ahi Evran \u00dcniversitesi ve \u0130l Milli E\u011fitim M\u00fcd\u00fcrl\u00fc\u011f\u00fcn\u00fcn ortakl\u0131\u011f\u0131yla Erol G\u00fcng\u00f6r Anma Paneli ger\u00e7ekle\u015ftirildi.<\/p>\n<p>Ahi Evran Kongre ve K\u00fclt\u00fcr Merkezindeki programa T\u00fcrkiye Yazarlar Birli\u011fi \u0130stanbul \u015eube Ba\u015fkan\u0131 Mahmut B\u0131y\u0131kl\u0131 da kat\u0131ld\u0131.<\/p>\n<p>Panelin a\u00e7\u0131l\u0131\u015f\u0131nda konu\u015fan K\u0131r\u015fehir Valisi Murat Sefa Demiry\u00fcrek, Prof. Dr. Erol G\u00fcng\u00f6r\u2019\u00fcn T\u00fcrk d\u00fc\u015f\u00fcnce hayat\u0131n\u0131n \u00f6nemli bir ismi oldu\u011funu belirterek, onun \u00e7al\u0131\u015fmalar\u0131n\u0131n modernle\u015fme, k\u00fclt\u00fcr ve kimlik konular\u0131nda derin analizler sundu\u011funu ifade etti. G\u00fcng\u00f6r\u2019\u00fcn ilm\u00ee d\u00fcr\u00fcstl\u00fc\u011f\u00fc ve entelekt\u00fcel yakla\u015f\u0131m\u0131n\u0131n \u00f6zellikle gen\u00e7ler i\u00e7in \u00f6rnek te\u015fkil etti\u011fini vurgulad\u0131.<\/p>\n<p>Panelde; Prof. Dr. H\u00fcseyin \u015eim\u015fek \u201c\u0130nsan, Toplum ve E\u011fitim \u00dc\u00e7geninde Erol G\u00fcng\u00f6r\u2019\u00fcn D\u00fc\u015f\u00fcnceleri\u201d, Mahmut B\u0131y\u0131kl\u0131 \u201cErol G\u00fcng\u00f6r\u2019\u00fcn T\u00fcrkiye\u2019si\u201d, Prof. Dr. Ertu\u011frul Yaman ise \u201cErol G\u00fcng\u00f6r\u2019\u00fcn Akademik \u00c7al\u0131\u015fmalar\u0131\u201d ba\u015fl\u0131kl\u0131 sunumlar\u0131n\u0131 ger\u00e7ekle\u015ftirdi.<\/p>\n<p>Program, kat\u0131l\u0131mc\u0131lar\u0131n Erol G\u00fcng\u00f6r\u2019\u00fcn fikir d\u00fcnyas\u0131na dair de\u011ferlendirmeleriyle sona erdi.<\/p>\n","protected":false},"excerpt":{"rendered":"<p>Erol G\u00fcng\u00f6r Anma Paneli D\u00fczenlendi K\u0131r\u015fehir Valili\u011fi koordinesinde, Ahi Evran \u00dcniversitesi ve \u0130l Milli E\u011fitim M\u00fcd\u00fcrl\u00fc\u011f\u00fcn\u00fcn ortakl\u0131\u011f\u0131yla Erol G\u00fcng\u00f6r Anma Paneli ger\u00e7ekle\u015ftirildi. Ahi Evran Kongre ve K\u00fclt\u00fcr Merkezindeki programa T\u00fcrkiye Yazarlar Birli\u011fi \u0130stanbul \u015eube Ba\u015fkan\u0131 Mahmut B\u0131y\u0131kl\u0131 da kat\u0131ld\u0131. Panelin a\u00e7\u0131l\u0131\u015f\u0131nda konu\u015fan K\u0131r\u015fehir Valisi Murat Sefa Demiry\u00fcrek, Prof. Dr. Erol G\u00fcng\u00f6r\u2019\u00fcn T\u00fcrk d\u00fc\u015f\u00fcnce hayat\u0131n\u0131n \u00f6nemli [&hellip;]<\/p>\n","protected":false},"author":1,"featured_media":915,"comment_status":"open","ping_status":"open","sticky":false,"template":"","format":"standard","meta":{"footnotes":""},"categories":[8],"tags":[],"class_list":["post-914","post","type-post","status-publish","format-standard","has-post-thumbnail","hentry","category-kirsehir"],"_links":{"self":[{"href":"https:\/\/www.kirsehirses.com\/index.php\/wp-json\/wp\/v2\/posts\/914","targetHints":{"allow":["GET"]}}],"collection":[{"href":"https:\/\/www.kirsehirses.com\/index.php\/wp-json\/wp\/v2\/posts"}],"about":[{"href":"https:\/\/www.kirsehirses.com\/index.php\/wp-json\/wp\/v2\/types\/post"}],"author":[{"embeddable":true,"href":"https:\/\/www.kirsehirses.com\/index.php\/wp-json\/wp\/v2\/users\/1"}],"replies":[{"embeddable":true,"href":"https:\/\/www.kirsehirses.com\/index.php\/wp-json\/wp\/v2\/comments?post=914"}],"version-history":[{"count":1,"href":"https:\/\/www.kirsehirses.com\/index.php\/wp-json\/wp\/v2\/posts\/914\/revisions"}],"predecessor-version":[{"id":916,"href":"https:\/\/www.kirsehirses.com\/index.php\/wp-json\/wp\/v2\/posts\/914\/revisions\/916"}],"wp:featuredmedia":[{"embeddable":true,"href":"https:\/\/www.kirsehirses.com\/index.php\/wp-json\/wp\/v2\/media\/915"}],"wp:attachment":[{"href":"https:\/\/www.kirsehirses.com\/index.php\/wp-json\/wp\/v2\/media?parent=914"}],"wp:term":[{"taxonomy":"category","embeddable":true,"href":"https:\/\/www.kirsehirses.com\/index.php\/wp-json\/wp\/v2\/categories?post=914"},{"taxonomy":"post_tag","embeddable":true,"href":"https:\/\/www.kirsehirses.com\/index.php\/wp-json\/wp\/v2\/tags?post=914"}],"curies":[{"name":"wp","href":"https:\/\/api.w.org\/{rel}","templated":true}]}}