{"id":924,"date":"2025-11-28T04:22:08","date_gmt":"2025-11-28T01:22:08","guid":{"rendered":"https:\/\/www.kirsehirses.com\/?p=924"},"modified":"2025-11-28T04:22:08","modified_gmt":"2025-11-28T01:22:08","slug":"vatan-ve-kahramanlik-bulusmalari-kirsehirde-cocuklarda-gerceklesti","status":"publish","type":"post","link":"https:\/\/www.kirsehirses.com\/index.php\/2025\/11\/28\/vatan-ve-kahramanlik-bulusmalari-kirsehirde-cocuklarda-gerceklesti\/","title":{"rendered":"Vatan ve Kahramanl\u0131k Bulu\u015fmalar\u0131 K\u0131r\u015fehir&#8217;de \u00c7ocuklarda Ger\u00e7ekle\u015fti"},"content":{"rendered":"<h3><strong>Vatan ve Kahramanl\u0131k Bulu\u015fmalar\u0131 K\u0131r\u015fehir&#8217;de \u00c7ocuklarda Ger\u00e7ekle\u015fti<\/strong><\/h3>\n<p>T\u00fcrkiye Harp Malul\u00fc Gaziler-\u015eehit Dul ve Yetimleri Derne\u011fi K\u0131r\u015fehir \u015eubesi Ba\u015fkan\u0131 Bahattin Kaya, \u201cVatan ve Kahramanl\u0131k\u201d temal\u0131 bulu\u015fmalar kapsam\u0131nda \u00e7ocuk evlerinde kalan \u00e7ocuklarla bir araya geldi.<\/p>\n<p>Ziyarette, \u00e7ocuklara tarih\u00ee kahramanl\u0131k \u00f6rnekleri, vatan sevgisi ve milli birlik konular\u0131nda bilgiler aktar\u0131ld\u0131. Etkinli\u011fin, \u00e7ocuklar\u0131n milli ve manevi de\u011ferlere y\u00f6nelik fark\u0131ndal\u0131\u011f\u0131n\u0131 art\u0131rd\u0131\u011f\u0131 belirtildi.<\/p>\n<p>Program, gazinin \u00e7ocuklarla sohbet etmesi ve deneyimlerini payla\u015fmas\u0131yla sona erdi. Bulu\u015fman\u0131n, \u00e7ocuklarda olumlu bir etki b\u0131rakt\u0131\u011f\u0131 ifade edildi.<\/p>\n","protected":false},"excerpt":{"rendered":"<p>Vatan ve Kahramanl\u0131k Bulu\u015fmalar\u0131 K\u0131r\u015fehir&#8217;de \u00c7ocuklarda Ger\u00e7ekle\u015fti T\u00fcrkiye Harp Malul\u00fc Gaziler-\u015eehit Dul ve Yetimleri Derne\u011fi K\u0131r\u015fehir \u015eubesi Ba\u015fkan\u0131 Bahattin Kaya, \u201cVatan ve Kahramanl\u0131k\u201d temal\u0131 bulu\u015fmalar kapsam\u0131nda \u00e7ocuk evlerinde kalan \u00e7ocuklarla bir araya geldi. Ziyarette, \u00e7ocuklara tarih\u00ee kahramanl\u0131k \u00f6rnekleri, vatan sevgisi ve milli birlik konular\u0131nda bilgiler aktar\u0131ld\u0131. Etkinli\u011fin, \u00e7ocuklar\u0131n milli ve manevi de\u011ferlere y\u00f6nelik fark\u0131ndal\u0131\u011f\u0131n\u0131 art\u0131rd\u0131\u011f\u0131 [&hellip;]<\/p>\n","protected":false},"author":1,"featured_media":925,"comment_status":"open","ping_status":"open","sticky":false,"template":"","format":"standard","meta":{"footnotes":""},"categories":[8],"tags":[],"class_list":["post-924","post","type-post","status-publish","format-standard","has-post-thumbnail","hentry","category-kirsehir"],"_links":{"self":[{"href":"https:\/\/www.kirsehirses.com\/index.php\/wp-json\/wp\/v2\/posts\/924","targetHints":{"allow":["GET"]}}],"collection":[{"href":"https:\/\/www.kirsehirses.com\/index.php\/wp-json\/wp\/v2\/posts"}],"about":[{"href":"https:\/\/www.kirsehirses.com\/index.php\/wp-json\/wp\/v2\/types\/post"}],"author":[{"embeddable":true,"href":"https:\/\/www.kirsehirses.com\/index.php\/wp-json\/wp\/v2\/users\/1"}],"replies":[{"embeddable":true,"href":"https:\/\/www.kirsehirses.com\/index.php\/wp-json\/wp\/v2\/comments?post=924"}],"version-history":[{"count":1,"href":"https:\/\/www.kirsehirses.com\/index.php\/wp-json\/wp\/v2\/posts\/924\/revisions"}],"predecessor-version":[{"id":926,"href":"https:\/\/www.kirsehirses.com\/index.php\/wp-json\/wp\/v2\/posts\/924\/revisions\/926"}],"wp:featuredmedia":[{"embeddable":true,"href":"https:\/\/www.kirsehirses.com\/index.php\/wp-json\/wp\/v2\/media\/925"}],"wp:attachment":[{"href":"https:\/\/www.kirsehirses.com\/index.php\/wp-json\/wp\/v2\/media?parent=924"}],"wp:term":[{"taxonomy":"category","embeddable":true,"href":"https:\/\/www.kirsehirses.com\/index.php\/wp-json\/wp\/v2\/categories?post=924"},{"taxonomy":"post_tag","embeddable":true,"href":"https:\/\/www.kirsehirses.com\/index.php\/wp-json\/wp\/v2\/tags?post=924"}],"curies":[{"name":"wp","href":"https:\/\/api.w.org\/{rel}","templated":true}]}}