{"id":930,"date":"2025-11-28T04:24:47","date_gmt":"2025-11-28T01:24:47","guid":{"rendered":"https:\/\/www.kirsehirses.com\/?p=930"},"modified":"2025-11-28T04:24:47","modified_gmt":"2025-11-28T01:24:47","slug":"kis-mevsimi-trafik-tedbirleri-degerlendirildi","status":"publish","type":"post","link":"https:\/\/www.kirsehirses.com\/index.php\/2025\/11\/28\/kis-mevsimi-trafik-tedbirleri-degerlendirildi\/","title":{"rendered":"K\u0131\u015f Mevsimi Trafik Tedbirleri De\u011ferlendirildi"},"content":{"rendered":"<p data-start=\"217\" data-end=\"266\"><strong data-start=\"217\" data-end=\"266\">K\u0131\u015f Mevsimi Trafik Tedbirleri De\u011ferlendirildi<\/strong><\/p>\n<p data-start=\"268\" data-end=\"667\">K\u0131r\u015fehir\u2019de 2025-2026 k\u0131\u015f d\u00f6neminde trafik g\u00fcvenli\u011finin sa\u011flanmas\u0131na y\u00f6nelik al\u0131nacak \u00f6nlemler, Val\u0130 Murat Sefa Demiry\u00fcrek ba\u015fkanl\u0131\u011f\u0131nda ger\u00e7ekle\u015ftirilen toplant\u0131da ele al\u0131nd\u0131. GAMER Toplant\u0131 Salonu\u2019nda d\u00fczenlenen toplant\u0131ya vali yard\u0131mc\u0131lar\u0131, \u0130l Jandarma Komutan\u0131 J. Alb. Ahmet Y\u0131ld\u0131r\u0131m, \u0130l Emniyet M\u00fcd\u00fcr\u00fc Mesut G\u00f6r\u00fcc\u00fc, ilgili kurum y\u00f6neticileri ve sivil toplum kurulu\u015flar\u0131n\u0131n temsilcileri kat\u0131ld\u0131.<\/p>\n<p data-start=\"669\" data-end=\"1059\">Toplant\u0131n\u0131n a\u00e7\u0131l\u0131\u015f\u0131nda konu\u015fan Vali Murat Sefa Demiry\u00fcrek, k\u0131\u015f aylar\u0131nda ula\u015f\u0131mda ya\u015fanabilecek risklere kar\u015f\u0131 t\u00fcm kurumlar\u0131n koordineli hareket etmesinin \u00f6nemine dikkat \u00e7ekti. Ula\u015f\u0131m\u0131n kesintisiz ve g\u00fcvenli bir \u015fekilde sa\u011flanmas\u0131n\u0131n temel hedef oldu\u011funu belirten Demiry\u00fcrek, s\u00fcr\u00fcc\u00fc ve yolcular\u0131n can ve mal g\u00fcvenli\u011finin korunmas\u0131 i\u00e7in gerekli planlamalar\u0131n g\u00f6zden ge\u00e7irildi\u011fini ifade etti.<\/p>\n<p data-start=\"1061\" data-end=\"1318\">Toplant\u0131da \u0130l Emniyet M\u00fcd\u00fcrl\u00fc\u011f\u00fc taraf\u0131ndan k\u0131\u015f mevsimine y\u00f6nelik haz\u0131rlanan tedbirlere ili\u015fkin sunum yap\u0131ld\u0131. Kurumlar aras\u0131 koordinasyon, yol g\u00fcvenli\u011fi, ekip ve ara\u00e7 haz\u0131rl\u0131klar\u0131 ile muhtemel olumsuz hava ko\u015fullar\u0131nda uygulanacak y\u00f6ntemler de\u011ferlendirildi.<\/p>\n<p data-start=\"1320\" data-end=\"1406\">K\u0131\u015f aylar\u0131nda al\u0131nacak trafik \u00f6nlemlerinin g\u00f6r\u00fc\u015f\u00fclmesinin ard\u0131ndan toplant\u0131 sona erdi.<\/p>\n","protected":false},"excerpt":{"rendered":"<p>K\u0131\u015f Mevsimi Trafik Tedbirleri De\u011ferlendirildi K\u0131r\u015fehir\u2019de 2025-2026 k\u0131\u015f d\u00f6neminde trafik g\u00fcvenli\u011finin sa\u011flanmas\u0131na y\u00f6nelik al\u0131nacak \u00f6nlemler, Val\u0130 Murat Sefa Demiry\u00fcrek ba\u015fkanl\u0131\u011f\u0131nda ger\u00e7ekle\u015ftirilen toplant\u0131da ele al\u0131nd\u0131. GAMER Toplant\u0131 Salonu\u2019nda d\u00fczenlenen toplant\u0131ya vali yard\u0131mc\u0131lar\u0131, \u0130l Jandarma Komutan\u0131 J. Alb. Ahmet Y\u0131ld\u0131r\u0131m, \u0130l Emniyet M\u00fcd\u00fcr\u00fc Mesut G\u00f6r\u00fcc\u00fc, ilgili kurum y\u00f6neticileri ve sivil toplum kurulu\u015flar\u0131n\u0131n temsilcileri kat\u0131ld\u0131. Toplant\u0131n\u0131n a\u00e7\u0131l\u0131\u015f\u0131nda konu\u015fan [&hellip;]<\/p>\n","protected":false},"author":1,"featured_media":931,"comment_status":"open","ping_status":"open","sticky":false,"template":"","format":"standard","meta":{"footnotes":""},"categories":[8],"tags":[],"class_list":["post-930","post","type-post","status-publish","format-standard","has-post-thumbnail","hentry","category-kirsehir"],"_links":{"self":[{"href":"https:\/\/www.kirsehirses.com\/index.php\/wp-json\/wp\/v2\/posts\/930","targetHints":{"allow":["GET"]}}],"collection":[{"href":"https:\/\/www.kirsehirses.com\/index.php\/wp-json\/wp\/v2\/posts"}],"about":[{"href":"https:\/\/www.kirsehirses.com\/index.php\/wp-json\/wp\/v2\/types\/post"}],"author":[{"embeddable":true,"href":"https:\/\/www.kirsehirses.com\/index.php\/wp-json\/wp\/v2\/users\/1"}],"replies":[{"embeddable":true,"href":"https:\/\/www.kirsehirses.com\/index.php\/wp-json\/wp\/v2\/comments?post=930"}],"version-history":[{"count":1,"href":"https:\/\/www.kirsehirses.com\/index.php\/wp-json\/wp\/v2\/posts\/930\/revisions"}],"predecessor-version":[{"id":932,"href":"https:\/\/www.kirsehirses.com\/index.php\/wp-json\/wp\/v2\/posts\/930\/revisions\/932"}],"wp:featuredmedia":[{"embeddable":true,"href":"https:\/\/www.kirsehirses.com\/index.php\/wp-json\/wp\/v2\/media\/931"}],"wp:attachment":[{"href":"https:\/\/www.kirsehirses.com\/index.php\/wp-json\/wp\/v2\/media?parent=930"}],"wp:term":[{"taxonomy":"category","embeddable":true,"href":"https:\/\/www.kirsehirses.com\/index.php\/wp-json\/wp\/v2\/categories?post=930"},{"taxonomy":"post_tag","embeddable":true,"href":"https:\/\/www.kirsehirses.com\/index.php\/wp-json\/wp\/v2\/tags?post=930"}],"curies":[{"name":"wp","href":"https:\/\/api.w.org\/{rel}","templated":true}]}}