{"id":936,"date":"2025-11-30T03:43:29","date_gmt":"2025-11-30T00:43:29","guid":{"rendered":"https:\/\/www.kirsehirses.com\/?p=936"},"modified":"2025-11-30T03:43:29","modified_gmt":"2025-11-30T00:43:29","slug":"kirsehir-idare-mahkemesi-baskani-mehmet-ali-gurer-acik-oturumda-ogrencilerle-bulustu-2","status":"publish","type":"post","link":"https:\/\/www.kirsehirses.com\/index.php\/2025\/11\/30\/kirsehir-idare-mahkemesi-baskani-mehmet-ali-gurer-acik-oturumda-ogrencilerle-bulustu-2\/","title":{"rendered":"K\u0131r\u015fehir \u0130dare Mahkemesi Ba\u015fkan\u0131 Mehmet Ali G\u00fcrer, A\u00e7\u0131k Oturumda \u00d6\u011frencilerle Bulu\u015ftu"},"content":{"rendered":"<h2 data-start=\"148\" data-end=\"240\"><strong data-start=\"151\" data-end=\"240\">K\u0131r\u015fehir \u0130dare Mahkemesi Ba\u015fkan\u0131 Mehmet Ali G\u00fcrer, A\u00e7\u0131k Oturumda \u00d6\u011frencilerle Bulu\u015ftu<\/strong><\/h2>\n<h3 data-start=\"242\" data-end=\"301\"><strong data-start=\"246\" data-end=\"301\">Etkinlik \u00dcniversite Toplulu\u011fu Taraf\u0131ndan D\u00fczenlendi<\/strong><\/h3>\n<p data-start=\"303\" data-end=\"778\">K\u0131r\u015fehir Ahi Evran \u00dcniversitesi Ekonomi ve Y\u00f6netim Toplulu\u011fu taraf\u0131ndan d\u00fczenlenen a\u00e7\u0131k oturum etkinli\u011fi, 27 Kas\u0131m 2025\u2019te Ahi Evran Kongre ve K\u00fclt\u00fcr Merkezi Ne\u015fet Erta\u015f Salonunda ger\u00e7ekle\u015ftirildi. \u201cDevletle Vatanda\u015f Aras\u0131nda Adaletin K\u00f6pr\u00fcs\u00fc: \u0130dari H\u00e2kimlik\u201d ba\u015fl\u0131kl\u0131 programa K\u0131r\u015fehir \u0130dare Mahkemesi Ba\u015fkan\u0131 Mehmet Ali G\u00fcrer, \u00dcniversite Rekt\u00f6r\u00fc Prof. Dr. Mustafa Kas\u0131m Karahocagil, Rekt\u00f6r Yard\u0131mc\u0131s\u0131 Prof. Dr. Musa \u00d6zata, akademik ve idari personel ile \u00f6\u011frenciler kat\u0131ld\u0131.<\/p>\n<h3 data-start=\"780\" data-end=\"823\"><strong data-start=\"784\" data-end=\"823\">Etkinlik \u00d6ncesi Ziyaret Ger\u00e7ekle\u015fti<\/strong><\/h3>\n<p data-start=\"825\" data-end=\"1060\">Program ba\u015flamadan \u00f6nce K\u0131r\u015fehir \u0130dare Mahkemesi Ba\u015fkan\u0131 Mehmet Ali G\u00fcrer, Rekt\u00f6r Prof. Dr. Mustafa Kas\u0131m Karahocagil\u2019i makam\u0131nda ziyaret ederek \u00fcniversitenin genel durumu ve kentle ilgili \u00e7e\u015fitli konularda g\u00f6r\u00fc\u015f al\u0131\u015fveri\u015finde bulundu.<\/p>\n<h3 data-start=\"1062\" data-end=\"1112\"><strong data-start=\"1066\" data-end=\"1112\">\u0130dari H\u00e2kimlik Mesle\u011finin Yap\u0131s\u0131 Anlat\u0131ld\u0131<\/strong><\/h3>\n<p data-start=\"1114\" data-end=\"1486\">Ziyaretin ard\u0131ndan Prof. Dr. Oktay K\u0131z\u0131lkaya\u2019n\u0131n moderat\u00f6rl\u00fc\u011f\u00fcnde a\u00e7\u0131k oturum ba\u015flad\u0131. G\u00fcrer, idari yarg\u0131n\u0131n \u00e7al\u0131\u015fma prensipleri, adli yarg\u0131dan fark\u0131 ve kamu y\u00f6netimindeki konumu hakk\u0131nda bilgi verdi. \u0130dari yarg\u0131n\u0131n devlet ile vatanda\u015f aras\u0131nda ortaya \u00e7\u0131kan uyu\u015fmazl\u0131klara bakt\u0131\u011f\u0131n\u0131 belirten G\u00fcrer, her bireyin ya\u015fam\u0131 boyunca idari yarg\u0131yla kar\u015f\u0131la\u015fabilece\u011fini ifade etti.<\/p>\n<h3 data-start=\"1488\" data-end=\"1541\"><strong data-start=\"1492\" data-end=\"1541\">Mesle\u011fe Giri\u015f S\u00fcreci ve Deneyimler Payla\u015f\u0131ld\u0131<\/strong><\/h3>\n<p data-start=\"1543\" data-end=\"1870\">\u0130dari h\u00e2kimlik mesle\u011fine giri\u015f s\u00fcrecine de\u011finen G\u00fcrer, yaz\u0131l\u0131 s\u0131nav\u0131 ge\u00e7en adaylar\u0131n m\u00fclakata \u00e7a\u011fr\u0131ld\u0131\u011f\u0131n\u0131, bu nedenle s\u0131nav s\u00fcrecinin \u00e7ok y\u00f6nl\u00fc bir de\u011ferlendirme i\u00e7erdi\u011fini vurgulad\u0131. Mesle\u011fin avantajlar\u0131na ve dezavantajlar\u0131na da de\u011finen G\u00fcrer, en \u00f6nemli y\u00f6nlerden birinin \u201cadaletin sahibine teslim edilmesi\u201d oldu\u011funu s\u00f6yledi.<\/p>\n<h3 data-start=\"1872\" data-end=\"1940\"><strong data-start=\"1876\" data-end=\"1940\">Rekt\u00f6r Karahocagil: \u201c\u0130dari Yarg\u0131 Topluma Do\u011frudan Dokunuyor\u201d<\/strong><\/h3>\n<p data-start=\"1942\" data-end=\"2406\">A\u00e7\u0131k oturumda s\u00f6z alan Rekt\u00f6r Prof. Dr. Mustafa Kas\u0131m Karahocagil, idari mahkemelerin toplumun g\u00fcnl\u00fck ya\u015fam\u0131na do\u011frudan temas eden bir yap\u0131ya sahip oldu\u011funu belirterek idari h\u00e2kimlik mesle\u011finin \u00f6nemini vurgulad\u0131. Akademik kariyeri s\u00fcrecinde idari yarg\u0131da sonu\u00e7lanan bir davas\u0131n\u0131 \u00f6rnek g\u00f6steren Karahocagil, adalet mekanizmas\u0131n\u0131n i\u015fleyi\u015fine ili\u015fkin deneyimlerini aktard\u0131. Etkinli\u011fe katk\u0131 sunan t\u00fcm birimlere te\u015fekk\u00fcr ederek program\u0131n verimli ge\u00e7ti\u011fini dile getirdi.<\/p>\n<h3 data-start=\"2408\" data-end=\"2451\"><strong data-start=\"2412\" data-end=\"2451\">Program Plaket Takdimiyle Sona Erdi<\/strong><\/h3>\n<p data-start=\"2453\" data-end=\"2650\">A\u00e7\u0131k oturum, \u00f6\u011frencilerin sorular\u0131n\u0131n cevaplanmas\u0131 ve Rekt\u00f6r Prof. Dr. Mustafa Kas\u0131m Karahocagil taraf\u0131ndan K\u0131r\u015fehir \u0130dare Mahkemesi Ba\u015fkan\u0131 Mehmet Ali G\u00fcrer\u2019e plaket takdim edilmesiyle tamamland\u0131.<\/p>\n","protected":false},"excerpt":{"rendered":"<p>K\u0131r\u015fehir \u0130dare Mahkemesi Ba\u015fkan\u0131 Mehmet Ali G\u00fcrer, A\u00e7\u0131k Oturumda \u00d6\u011frencilerle Bulu\u015ftu Etkinlik \u00dcniversite Toplulu\u011fu Taraf\u0131ndan D\u00fczenlendi K\u0131r\u015fehir Ahi Evran \u00dcniversitesi Ekonomi ve Y\u00f6netim Toplulu\u011fu taraf\u0131ndan d\u00fczenlenen a\u00e7\u0131k oturum etkinli\u011fi, 27 Kas\u0131m 2025\u2019te Ahi Evran Kongre ve K\u00fclt\u00fcr Merkezi Ne\u015fet Erta\u015f Salonunda ger\u00e7ekle\u015ftirildi. \u201cDevletle Vatanda\u015f Aras\u0131nda Adaletin K\u00f6pr\u00fcs\u00fc: \u0130dari H\u00e2kimlik\u201d ba\u015fl\u0131kl\u0131 programa K\u0131r\u015fehir \u0130dare Mahkemesi Ba\u015fkan\u0131 [&hellip;]<\/p>\n","protected":false},"author":1,"featured_media":937,"comment_status":"open","ping_status":"open","sticky":false,"template":"","format":"standard","meta":{"footnotes":""},"categories":[10,8],"tags":[],"class_list":["post-936","post","type-post","status-publish","format-standard","has-post-thumbnail","hentry","category-egitim","category-kirsehir"],"_links":{"self":[{"href":"https:\/\/www.kirsehirses.com\/index.php\/wp-json\/wp\/v2\/posts\/936","targetHints":{"allow":["GET"]}}],"collection":[{"href":"https:\/\/www.kirsehirses.com\/index.php\/wp-json\/wp\/v2\/posts"}],"about":[{"href":"https:\/\/www.kirsehirses.com\/index.php\/wp-json\/wp\/v2\/types\/post"}],"author":[{"embeddable":true,"href":"https:\/\/www.kirsehirses.com\/index.php\/wp-json\/wp\/v2\/users\/1"}],"replies":[{"embeddable":true,"href":"https:\/\/www.kirsehirses.com\/index.php\/wp-json\/wp\/v2\/comments?post=936"}],"version-history":[{"count":1,"href":"https:\/\/www.kirsehirses.com\/index.php\/wp-json\/wp\/v2\/posts\/936\/revisions"}],"predecessor-version":[{"id":938,"href":"https:\/\/www.kirsehirses.com\/index.php\/wp-json\/wp\/v2\/posts\/936\/revisions\/938"}],"wp:featuredmedia":[{"embeddable":true,"href":"https:\/\/www.kirsehirses.com\/index.php\/wp-json\/wp\/v2\/media\/937"}],"wp:attachment":[{"href":"https:\/\/www.kirsehirses.com\/index.php\/wp-json\/wp\/v2\/media?parent=936"}],"wp:term":[{"taxonomy":"category","embeddable":true,"href":"https:\/\/www.kirsehirses.com\/index.php\/wp-json\/wp\/v2\/categories?post=936"},{"taxonomy":"post_tag","embeddable":true,"href":"https:\/\/www.kirsehirses.com\/index.php\/wp-json\/wp\/v2\/tags?post=936"}],"curies":[{"name":"wp","href":"https:\/\/api.w.org\/{rel}","templated":true}]}}