{"id":940,"date":"2025-11-30T03:52:48","date_gmt":"2025-11-30T00:52:48","guid":{"rendered":"https:\/\/www.kirsehirses.com\/?p=940"},"modified":"2025-11-30T03:52:48","modified_gmt":"2025-11-30T00:52:48","slug":"kirsehirde-yilin-ogretmeni-gulsen-arici-guvenc-secildi","status":"publish","type":"post","link":"https:\/\/www.kirsehirses.com\/index.php\/2025\/11\/30\/kirsehirde-yilin-ogretmeni-gulsen-arici-guvenc-secildi\/","title":{"rendered":"K\u0131r\u015fehir\u2019de Y\u0131l\u0131n \u00d6\u011fretmeni G\u00fclsen Ar\u0131c\u0131 G\u00fcven\u00e7 Se\u00e7ildi"},"content":{"rendered":"<h2 data-start=\"154\" data-end=\"216\"><strong data-start=\"157\" data-end=\"216\">K\u0131r\u015fehir\u2019de Y\u0131l\u0131n \u00d6\u011fretmeni G\u00fclsen Ar\u0131c\u0131 G\u00fcven\u00e7 Se\u00e7ildi<\/strong><\/h2>\n<h3 data-start=\"218\" data-end=\"249\"><strong data-start=\"222\" data-end=\"249\">Meslekte 30. Y\u0131l Gururu<\/strong><\/h3>\n<p data-start=\"251\" data-end=\"555\">K\u0131r\u015fehir\u2019de Vilayetler Birli\u011fi Anaokulu M\u00fcdiresi G\u00fclsen Ar\u0131c\u0131 G\u00fcven\u00e7, meslekte 30. y\u0131l\u0131n\u0131 tamamlad\u0131\u011f\u0131 d\u00f6nemde \u201cY\u0131l\u0131n \u00d6\u011fretmeni\u201d se\u00e7ildi. Okulda olu\u015fturdu\u011fu g\u00fcvenli, s\u0131cak ve destekleyici e\u011fitim ortam\u0131yla bilinen G\u00fcven\u00e7, hem \u00f6\u011frenciler hem de \u00e7al\u0131\u015fma arkada\u015flar\u0131 taraf\u0131ndan uzun y\u0131llard\u0131r takdir ediliyor.<\/p>\n<h3 data-start=\"557\" data-end=\"596\"><strong data-start=\"561\" data-end=\"596\">\u201c\u00d6d\u00fcl Sorumlulu\u011fu Hat\u0131rlat\u0131yor\u201d<\/strong><\/h3>\n<p data-start=\"598\" data-end=\"1071\">D\u00fczenlenen t\u00f6rende konu\u015fan G\u00fcven\u00e7, \u00f6d\u00fcl\u00fcn kendisi i\u00e7in yaln\u0131zca bir te\u015fekk\u00fcr de\u011fil, ayn\u0131 zamanda gelecek \u00e7al\u0131\u015fmalar a\u00e7\u0131s\u0131ndan bir sorumluluk oldu\u011funu belirtti. G\u00fcven\u00e7, \u201cBu \u00f6d\u00fcl, ge\u00e7mi\u015fte yap\u0131lan \u00e7al\u0131\u015fmalar\u0131n bir takdiri olman\u0131n \u00f6tesinde, gelece\u011fe dair y\u00fck\u00fcml\u00fcl\u00fc\u011f\u00fcm\u00fcz\u00fc hat\u0131rlatan \u00f6nemli bir anlam ta\u015f\u0131yor. Amac\u0131m\u0131z fikri ve vicdan\u0131 h\u00fcr nesiller yeti\u015ftirmek. E\u011fitimin temeli anaokulunda at\u0131l\u0131r ve biz de bu bilin\u00e7le g\u00fc\u00e7l\u00fc bir ekip \u00e7al\u0131\u015fmas\u0131 y\u00fcr\u00fct\u00fcyoruz\u201d ifadelerini kulland\u0131.<\/p>\n<h3 data-start=\"1073\" data-end=\"1110\"><strong data-start=\"1077\" data-end=\"1110\">\u201cBa\u015far\u0131n\u0131n Kayna\u011f\u0131 Ekip Ruhu\u201d<\/strong><\/h3>\n<p data-start=\"1112\" data-end=\"1353\">Ayn\u0131 okulda g\u00f6rev yapan Okul \u00d6ncesi \u00d6\u011fretmeni Hatice Ta\u015fdemir ise G\u00fcven\u00e7\u2019in ald\u0131\u011f\u0131 \u00f6d\u00fcl\u00fcn yerinde bir de\u011ferlendirme oldu\u011funu belirterek, \u201cM\u00fcdire han\u0131m bizlere ekip ruhunu benimsetti. Okuldaki ba\u015far\u0131n\u0131n kayna\u011f\u0131 bu i\u015fbirli\u011fi anlay\u0131\u015f\u0131d\u0131r\u201d dedi.<\/p>\n","protected":false},"excerpt":{"rendered":"<p>K\u0131r\u015fehir\u2019de Y\u0131l\u0131n \u00d6\u011fretmeni G\u00fclsen Ar\u0131c\u0131 G\u00fcven\u00e7 Se\u00e7ildi Meslekte 30. Y\u0131l Gururu K\u0131r\u015fehir\u2019de Vilayetler Birli\u011fi Anaokulu M\u00fcdiresi G\u00fclsen Ar\u0131c\u0131 G\u00fcven\u00e7, meslekte 30. y\u0131l\u0131n\u0131 tamamlad\u0131\u011f\u0131 d\u00f6nemde \u201cY\u0131l\u0131n \u00d6\u011fretmeni\u201d se\u00e7ildi. Okulda olu\u015fturdu\u011fu g\u00fcvenli, s\u0131cak ve destekleyici e\u011fitim ortam\u0131yla bilinen G\u00fcven\u00e7, hem \u00f6\u011frenciler hem de \u00e7al\u0131\u015fma arkada\u015flar\u0131 taraf\u0131ndan uzun y\u0131llard\u0131r takdir ediliyor. \u201c\u00d6d\u00fcl Sorumlulu\u011fu Hat\u0131rlat\u0131yor\u201d D\u00fczenlenen t\u00f6rende konu\u015fan G\u00fcven\u00e7, [&hellip;]<\/p>\n","protected":false},"author":1,"featured_media":941,"comment_status":"open","ping_status":"open","sticky":false,"template":"","format":"standard","meta":{"footnotes":""},"categories":[10,8],"tags":[],"class_list":["post-940","post","type-post","status-publish","format-standard","has-post-thumbnail","hentry","category-egitim","category-kirsehir"],"_links":{"self":[{"href":"https:\/\/www.kirsehirses.com\/index.php\/wp-json\/wp\/v2\/posts\/940","targetHints":{"allow":["GET"]}}],"collection":[{"href":"https:\/\/www.kirsehirses.com\/index.php\/wp-json\/wp\/v2\/posts"}],"about":[{"href":"https:\/\/www.kirsehirses.com\/index.php\/wp-json\/wp\/v2\/types\/post"}],"author":[{"embeddable":true,"href":"https:\/\/www.kirsehirses.com\/index.php\/wp-json\/wp\/v2\/users\/1"}],"replies":[{"embeddable":true,"href":"https:\/\/www.kirsehirses.com\/index.php\/wp-json\/wp\/v2\/comments?post=940"}],"version-history":[{"count":1,"href":"https:\/\/www.kirsehirses.com\/index.php\/wp-json\/wp\/v2\/posts\/940\/revisions"}],"predecessor-version":[{"id":942,"href":"https:\/\/www.kirsehirses.com\/index.php\/wp-json\/wp\/v2\/posts\/940\/revisions\/942"}],"wp:featuredmedia":[{"embeddable":true,"href":"https:\/\/www.kirsehirses.com\/index.php\/wp-json\/wp\/v2\/media\/941"}],"wp:attachment":[{"href":"https:\/\/www.kirsehirses.com\/index.php\/wp-json\/wp\/v2\/media?parent=940"}],"wp:term":[{"taxonomy":"category","embeddable":true,"href":"https:\/\/www.kirsehirses.com\/index.php\/wp-json\/wp\/v2\/categories?post=940"},{"taxonomy":"post_tag","embeddable":true,"href":"https:\/\/www.kirsehirses.com\/index.php\/wp-json\/wp\/v2\/tags?post=940"}],"curies":[{"name":"wp","href":"https:\/\/api.w.org\/{rel}","templated":true}]}}