{"id":946,"date":"2025-11-30T03:58:40","date_gmt":"2025-11-30T00:58:40","guid":{"rendered":"https:\/\/www.kirsehirses.com\/?p=946"},"modified":"2025-11-30T03:58:40","modified_gmt":"2025-11-30T00:58:40","slug":"koruyucu-aile-farkindalik-toplantisi-kirsehirde-gerceklestirildi","status":"publish","type":"post","link":"https:\/\/www.kirsehirses.com\/index.php\/2025\/11\/30\/koruyucu-aile-farkindalik-toplantisi-kirsehirde-gerceklestirildi\/","title":{"rendered":"Koruyucu Aile Fark\u0131ndal\u0131k Toplant\u0131s\u0131 K\u0131r\u015fehir\u2019de Ger\u00e7ekle\u015ftirildi"},"content":{"rendered":"<h2 data-start=\"233\" data-end=\"305\"><strong data-start=\"236\" data-end=\"305\">Koruyucu Aile Fark\u0131ndal\u0131k Toplant\u0131s\u0131 K\u0131r\u015fehir\u2019de Ger\u00e7ekle\u015ftirildi<\/strong><\/h2>\n<h3 data-start=\"307\" data-end=\"354\"><strong data-start=\"311\" data-end=\"354\">Vali Demiry\u00fcrek\u2019in E\u015fi Panelde Yer Ald\u0131<\/strong><\/h3>\n<p data-start=\"356\" data-end=\"618\">K\u0131r\u015fehir Valili\u011fi himayesinde, Aile ve Sosyal Hizmetler \u0130l M\u00fcd\u00fcrl\u00fc\u011f\u00fc Koruyucu Aile Birimi taraf\u0131ndan haz\u0131rlanan \u201cG\u00f6n\u00fcl El\u00e7ileri Koruyucu Aile Fark\u0131ndal\u0131k Toplant\u0131s\u0131\u201d d\u00fczenlendi. Programa, K\u0131r\u015fehir Valisi Murat Sefa Demiry\u00fcrek\u2019in e\u015fi Serpil Demiry\u00fcrek de kat\u0131ld\u0131.<\/p>\n<h3 data-start=\"620\" data-end=\"677\"><strong data-start=\"624\" data-end=\"677\">\u201cBir \u00c7ocu\u011fun Kalbine Dokunmak En B\u00fcy\u00fck \u0130yiliktir\u201d<\/strong><\/h3>\n<p data-start=\"679\" data-end=\"1030\">Panelde konu\u015fan Serpil Demiry\u00fcrek, koruyucu ailelik \u00e7al\u0131\u015fmalar\u0131n\u0131n \u00e7ocuklara umut olan \u00f6nemli bir sosyal sorumluluk alan\u0131 oldu\u011funu belirterek, \u201cBug\u00fcn burada bir \u00e7ocu\u011fun hayat\u0131na dokunman\u0131n, bir yuvaya umut olman\u0131n heyecan\u0131n\u0131 payla\u015f\u0131yoruz. Bu toplant\u0131n\u0131n Valili\u011fin deste\u011fi ve \u0130l M\u00fcd\u00fcrl\u00fc\u011f\u00fcn\u00fcn koordinasyonuyla hayata ge\u00e7irilmesi memnuniyet verici\u201d dedi.<\/p>\n<p data-start=\"1032\" data-end=\"1464\">Toplum Kalk\u0131nmas\u0131nda G\u00f6n\u00fcl El\u00e7ileri Projesi\u2019nin 2012 y\u0131l\u0131nda ba\u015flat\u0131ld\u0131\u011f\u0131n\u0131 hat\u0131rlatan Demiry\u00fcrek, projenin T\u00fcrkiye\u2019de g\u00f6n\u00fcll\u00fcl\u00fck k\u00fclt\u00fcr\u00fcn\u00fc g\u00fc\u00e7lendiren \u00f6nemli bir hareket oldu\u011funa dikkat \u00e7ekti. Konu\u015fmas\u0131nda, \u201cBu proje sayesinde binlerce \u00e7ocuk koruyucu aile s\u0131cakl\u0131\u011f\u0131yla bulu\u015ftu. Bir \u00e7ocu\u011fun kalbine dokunmak, d\u00fcnyadaki en b\u00fcy\u00fck iyiliklerden biridir. Her \u00e7ocuk sevgi, \u015fefkat ve g\u00fcvenli bir yuvaya ihtiya\u00e7 duyar\u201d ifadelerini kulland\u0131.<\/p>\n<p data-start=\"1466\" data-end=\"1720\">Demiry\u00fcrek, koruyucu aileli\u011fin yaln\u0131zca bak\u0131m deste\u011fi de\u011fil, ayn\u0131 zamanda \u201cbir aidiyet ve umut sunma\u201d anlam\u0131 ta\u015f\u0131d\u0131\u011f\u0131n\u0131 vurgulayarak, K\u0131r\u015fehir\u2019in Ahilik k\u00fclt\u00fcr\u00fcn\u00fcn dayan\u0131\u015fma ve payla\u015fma anlay\u0131\u015f\u0131yla bu konuda \u00f6rnek bir potansiyele sahip oldu\u011funu belirtti.<\/p>\n<h3 data-start=\"1722\" data-end=\"1769\"><strong data-start=\"1726\" data-end=\"1769\">Koruyucu Aileler Deneyimlerini Payla\u015ft\u0131<\/strong><\/h3>\n<p data-start=\"1771\" data-end=\"2107\">Programda Aile ve Sosyal Hizmetler \u0130l M\u00fcd\u00fcr\u00fc Serkan Sa\u011flam da bir konu\u015fma yapt\u0131. Ard\u0131ndan kentte koruyucu ailelik yapan kat\u0131l\u0131mc\u0131lar deneyimlerini aktard\u0131. Bilgilendirme sunumlar\u0131 ile devam eden toplant\u0131, koruyucu ailelere g\u00f6n\u00fcll\u00fcl\u00fck s\u00fcrecinde g\u00f6sterdikleri emek ve katk\u0131lar nedeniyle te\u015fekk\u00fcr belgelerinin takdim edilmesiyle sona erdi.<\/p>\n","protected":false},"excerpt":{"rendered":"<p>Koruyucu Aile Fark\u0131ndal\u0131k Toplant\u0131s\u0131 K\u0131r\u015fehir\u2019de Ger\u00e7ekle\u015ftirildi Vali Demiry\u00fcrek\u2019in E\u015fi Panelde Yer Ald\u0131 K\u0131r\u015fehir Valili\u011fi himayesinde, Aile ve Sosyal Hizmetler \u0130l M\u00fcd\u00fcrl\u00fc\u011f\u00fc Koruyucu Aile Birimi taraf\u0131ndan haz\u0131rlanan \u201cG\u00f6n\u00fcl El\u00e7ileri Koruyucu Aile Fark\u0131ndal\u0131k Toplant\u0131s\u0131\u201d d\u00fczenlendi. Programa, K\u0131r\u015fehir Valisi Murat Sefa Demiry\u00fcrek\u2019in e\u015fi Serpil Demiry\u00fcrek de kat\u0131ld\u0131. \u201cBir \u00c7ocu\u011fun Kalbine Dokunmak En B\u00fcy\u00fck \u0130yiliktir\u201d Panelde konu\u015fan Serpil Demiry\u00fcrek, [&hellip;]<\/p>\n","protected":false},"author":1,"featured_media":947,"comment_status":"open","ping_status":"open","sticky":false,"template":"","format":"standard","meta":{"footnotes":""},"categories":[8],"tags":[],"class_list":["post-946","post","type-post","status-publish","format-standard","has-post-thumbnail","hentry","category-kirsehir"],"_links":{"self":[{"href":"https:\/\/www.kirsehirses.com\/index.php\/wp-json\/wp\/v2\/posts\/946","targetHints":{"allow":["GET"]}}],"collection":[{"href":"https:\/\/www.kirsehirses.com\/index.php\/wp-json\/wp\/v2\/posts"}],"about":[{"href":"https:\/\/www.kirsehirses.com\/index.php\/wp-json\/wp\/v2\/types\/post"}],"author":[{"embeddable":true,"href":"https:\/\/www.kirsehirses.com\/index.php\/wp-json\/wp\/v2\/users\/1"}],"replies":[{"embeddable":true,"href":"https:\/\/www.kirsehirses.com\/index.php\/wp-json\/wp\/v2\/comments?post=946"}],"version-history":[{"count":1,"href":"https:\/\/www.kirsehirses.com\/index.php\/wp-json\/wp\/v2\/posts\/946\/revisions"}],"predecessor-version":[{"id":948,"href":"https:\/\/www.kirsehirses.com\/index.php\/wp-json\/wp\/v2\/posts\/946\/revisions\/948"}],"wp:featuredmedia":[{"embeddable":true,"href":"https:\/\/www.kirsehirses.com\/index.php\/wp-json\/wp\/v2\/media\/947"}],"wp:attachment":[{"href":"https:\/\/www.kirsehirses.com\/index.php\/wp-json\/wp\/v2\/media?parent=946"}],"wp:term":[{"taxonomy":"category","embeddable":true,"href":"https:\/\/www.kirsehirses.com\/index.php\/wp-json\/wp\/v2\/categories?post=946"},{"taxonomy":"post_tag","embeddable":true,"href":"https:\/\/www.kirsehirses.com\/index.php\/wp-json\/wp\/v2\/tags?post=946"}],"curies":[{"name":"wp","href":"https:\/\/api.w.org\/{rel}","templated":true}]}}