{"id":952,"date":"2025-11-30T04:11:44","date_gmt":"2025-11-30T01:11:44","guid":{"rendered":"https:\/\/www.kirsehirses.com\/?p=952"},"modified":"2025-11-30T04:11:44","modified_gmt":"2025-11-30T01:11:44","slug":"kirsehirliler-izmirde-is-dunyasi-bulusmasinda-bir-araya-geldi","status":"publish","type":"post","link":"https:\/\/www.kirsehirses.com\/index.php\/2025\/11\/30\/kirsehirliler-izmirde-is-dunyasi-bulusmasinda-bir-araya-geldi\/","title":{"rendered":"K\u0131r\u015fehirliler \u0130zmir&#8217;de \u0130\u015f D\u00fcnyas\u0131 Bulu\u015fmas\u0131nda Bir Araya Geldi"},"content":{"rendered":"<p><strong>K\u0131r\u015fehirliler \u0130zmir&#8217;de \u0130\u015f D\u00fcnyas\u0131 Bulu\u015fmas\u0131nda Bir Araya Geldi<\/strong><\/p>\n<p>\u0130zmir K\u0131r\u015fehir Yard\u0131mla\u015fma Dayan\u0131\u015fma ve K\u00fclt\u00fcr Derne\u011fi, hem\u015fehri dayan\u0131\u015fmas\u0131n\u0131 peki\u015ftirmek amac\u0131yla \u0130zmir\u2019de faaliyet g\u00f6steren K\u0131r\u015fehirli i\u015f insanlar\u0131yla bir ak\u015fam yeme\u011fi program\u0131 d\u00fczenledi. Yo\u011fun ilgi g\u00f6ren organizasyonda, ortak i\u015f f\u0131rsatlar\u0131n\u0131n de\u011ferlendirilmesi ve yeni i\u015f birliklerinin temelleri at\u0131ld\u0131.<\/p>\n<p>Dernek Ba\u015fkan\u0131 Mustafa \u00c7anak\u00e7\u0131, etkinli\u011fin K\u0131r\u015fehirli giri\u015fimciler aras\u0131nda tan\u0131\u015fma ve i\u015f birli\u011fi a\u00e7\u0131s\u0131ndan \u00f6nemli bir ad\u0131m oldu\u011funu vurgulad\u0131. \u00c7anak\u00e7\u0131, daha \u00f6nce sa\u011fl\u0131k, hukuk, e\u011fitim ve mali m\u00fc\u015favirlik alanlar\u0131nda g\u00f6rev yapan hem\u015fehrilerle benzer toplant\u0131lar ger\u00e7ekle\u015ftirdiklerini hat\u0131rlatarak bu bulu\u015fmalar\u0131n devam edece\u011fini belirtti.<\/p>\n<p>\u00c7anak\u00e7\u0131 ayr\u0131ca, ilerleyen d\u00f6nemde daha kapsaml\u0131 ve geni\u015f kat\u0131l\u0131ml\u0131 bir K\u0131r\u015fehirliler bulu\u015fmas\u0131 planlad\u0131klar\u0131n\u0131 duyurdu. \u201cK\u0131r\u015fehirliler aras\u0131nda k\u00f6pr\u00fcler kurmaya ve dayan\u0131\u015fma ruhunu b\u00fcy\u00fctmeye devam edece\u011fiz,\u201d dedi.<\/p>\n","protected":false},"excerpt":{"rendered":"<p>K\u0131r\u015fehirliler \u0130zmir&#8217;de \u0130\u015f D\u00fcnyas\u0131 Bulu\u015fmas\u0131nda Bir Araya Geldi \u0130zmir K\u0131r\u015fehir Yard\u0131mla\u015fma Dayan\u0131\u015fma ve K\u00fclt\u00fcr Derne\u011fi, hem\u015fehri dayan\u0131\u015fmas\u0131n\u0131 peki\u015ftirmek amac\u0131yla \u0130zmir\u2019de faaliyet g\u00f6steren K\u0131r\u015fehirli i\u015f insanlar\u0131yla bir ak\u015fam yeme\u011fi program\u0131 d\u00fczenledi. Yo\u011fun ilgi g\u00f6ren organizasyonda, ortak i\u015f f\u0131rsatlar\u0131n\u0131n de\u011ferlendirilmesi ve yeni i\u015f birliklerinin temelleri at\u0131ld\u0131. Dernek Ba\u015fkan\u0131 Mustafa \u00c7anak\u00e7\u0131, etkinli\u011fin K\u0131r\u015fehirli giri\u015fimciler aras\u0131nda tan\u0131\u015fma ve i\u015f [&hellip;]<\/p>\n","protected":false},"author":1,"featured_media":953,"comment_status":"open","ping_status":"open","sticky":false,"template":"","format":"standard","meta":{"footnotes":""},"categories":[8],"tags":[],"class_list":["post-952","post","type-post","status-publish","format-standard","has-post-thumbnail","hentry","category-kirsehir"],"_links":{"self":[{"href":"https:\/\/www.kirsehirses.com\/index.php\/wp-json\/wp\/v2\/posts\/952","targetHints":{"allow":["GET"]}}],"collection":[{"href":"https:\/\/www.kirsehirses.com\/index.php\/wp-json\/wp\/v2\/posts"}],"about":[{"href":"https:\/\/www.kirsehirses.com\/index.php\/wp-json\/wp\/v2\/types\/post"}],"author":[{"embeddable":true,"href":"https:\/\/www.kirsehirses.com\/index.php\/wp-json\/wp\/v2\/users\/1"}],"replies":[{"embeddable":true,"href":"https:\/\/www.kirsehirses.com\/index.php\/wp-json\/wp\/v2\/comments?post=952"}],"version-history":[{"count":1,"href":"https:\/\/www.kirsehirses.com\/index.php\/wp-json\/wp\/v2\/posts\/952\/revisions"}],"predecessor-version":[{"id":954,"href":"https:\/\/www.kirsehirses.com\/index.php\/wp-json\/wp\/v2\/posts\/952\/revisions\/954"}],"wp:featuredmedia":[{"embeddable":true,"href":"https:\/\/www.kirsehirses.com\/index.php\/wp-json\/wp\/v2\/media\/953"}],"wp:attachment":[{"href":"https:\/\/www.kirsehirses.com\/index.php\/wp-json\/wp\/v2\/media?parent=952"}],"wp:term":[{"taxonomy":"category","embeddable":true,"href":"https:\/\/www.kirsehirses.com\/index.php\/wp-json\/wp\/v2\/categories?post=952"},{"taxonomy":"post_tag","embeddable":true,"href":"https:\/\/www.kirsehirses.com\/index.php\/wp-json\/wp\/v2\/tags?post=952"}],"curies":[{"name":"wp","href":"https:\/\/api.w.org\/{rel}","templated":true}]}}