{"id":955,"date":"2025-11-30T04:14:32","date_gmt":"2025-11-30T01:14:32","guid":{"rendered":"https:\/\/www.kirsehirses.com\/?p=955"},"modified":"2025-11-30T04:14:32","modified_gmt":"2025-11-30T01:14:32","slug":"asagi-homurlulu-genc-hayatini-kaybetti","status":"publish","type":"post","link":"https:\/\/www.kirsehirses.com\/index.php\/2025\/11\/30\/asagi-homurlulu-genc-hayatini-kaybetti\/","title":{"rendered":"A\u015fa\u011f\u0131 Homurlulu Gen\u00e7 Hayat\u0131n\u0131 Kaybetti"},"content":{"rendered":"<p><strong>A\u015fa\u011f\u0131 Homurlulu Gen\u00e7 Hayat\u0131n\u0131 Kaybetti<\/strong><\/p>\n<p>K\u0131r\u015fehir\u2019in Akp\u0131nar il\u00e7esine ba\u011fl\u0131 A\u015fa\u011f\u0131 Homurlu K\u00f6y\u00fc n\u00fcfusuna kay\u0131tl\u0131 22 ya\u015f\u0131ndaki Metehan Durgun, \u00e7al\u0131\u015ft\u0131\u011f\u0131 in\u015faatta d\u00fc\u015ferek hayat\u0131n\u0131 kaybetti.<\/p>\n<p>Ali R\u0131za Durgun\u2019un o\u011flu olan ve Ankara\u2019da ikamet eden gencin vefat\u0131, \u00e7evresinde derin \u00fcz\u00fcnt\u00fcye yol a\u00e7t\u0131.<\/p>\n<p>Ankara\u2019da demirci olarak \u00e7al\u0131\u015ft\u0131\u011f\u0131 in\u015faatta d\u00fc\u015ferek hayat\u0131n\u0131 kaybeden Metehan Durgun\u2019un cenazesi bug\u00fcn Cuma namaz\u0131na m\u00fcteakip k\u0131l\u0131nacak cenaze namaz\u0131n\u0131n ard\u0131ndan A\u015fa\u011f\u0131 Homurlu K\u00f6y Mezarl\u0131\u011f\u0131nda topra\u011fa verilecek.<\/p>\n<p>K\u0131r\u015fehir Ses Haber olarak merhuma Allah\u2019tan rahmet, ailesine ve sevenlerine sab\u0131rlar diliyoruz.<\/p>\n","protected":false},"excerpt":{"rendered":"<p>A\u015fa\u011f\u0131 Homurlulu Gen\u00e7 Hayat\u0131n\u0131 Kaybetti K\u0131r\u015fehir\u2019in Akp\u0131nar il\u00e7esine ba\u011fl\u0131 A\u015fa\u011f\u0131 Homurlu K\u00f6y\u00fc n\u00fcfusuna kay\u0131tl\u0131 22 ya\u015f\u0131ndaki Metehan Durgun, \u00e7al\u0131\u015ft\u0131\u011f\u0131 in\u015faatta d\u00fc\u015ferek hayat\u0131n\u0131 kaybetti. Ali R\u0131za Durgun\u2019un o\u011flu olan ve Ankara\u2019da ikamet eden gencin vefat\u0131, \u00e7evresinde derin \u00fcz\u00fcnt\u00fcye yol a\u00e7t\u0131. Ankara\u2019da demirci olarak \u00e7al\u0131\u015ft\u0131\u011f\u0131 in\u015faatta d\u00fc\u015ferek hayat\u0131n\u0131 kaybeden Metehan Durgun\u2019un cenazesi bug\u00fcn Cuma namaz\u0131na m\u00fcteakip k\u0131l\u0131nacak [&hellip;]<\/p>\n","protected":false},"author":1,"featured_media":956,"comment_status":"open","ping_status":"open","sticky":false,"template":"","format":"standard","meta":{"footnotes":""},"categories":[8],"tags":[],"class_list":["post-955","post","type-post","status-publish","format-standard","has-post-thumbnail","hentry","category-kirsehir"],"_links":{"self":[{"href":"https:\/\/www.kirsehirses.com\/index.php\/wp-json\/wp\/v2\/posts\/955","targetHints":{"allow":["GET"]}}],"collection":[{"href":"https:\/\/www.kirsehirses.com\/index.php\/wp-json\/wp\/v2\/posts"}],"about":[{"href":"https:\/\/www.kirsehirses.com\/index.php\/wp-json\/wp\/v2\/types\/post"}],"author":[{"embeddable":true,"href":"https:\/\/www.kirsehirses.com\/index.php\/wp-json\/wp\/v2\/users\/1"}],"replies":[{"embeddable":true,"href":"https:\/\/www.kirsehirses.com\/index.php\/wp-json\/wp\/v2\/comments?post=955"}],"version-history":[{"count":1,"href":"https:\/\/www.kirsehirses.com\/index.php\/wp-json\/wp\/v2\/posts\/955\/revisions"}],"predecessor-version":[{"id":957,"href":"https:\/\/www.kirsehirses.com\/index.php\/wp-json\/wp\/v2\/posts\/955\/revisions\/957"}],"wp:featuredmedia":[{"embeddable":true,"href":"https:\/\/www.kirsehirses.com\/index.php\/wp-json\/wp\/v2\/media\/956"}],"wp:attachment":[{"href":"https:\/\/www.kirsehirses.com\/index.php\/wp-json\/wp\/v2\/media?parent=955"}],"wp:term":[{"taxonomy":"category","embeddable":true,"href":"https:\/\/www.kirsehirses.com\/index.php\/wp-json\/wp\/v2\/categories?post=955"},{"taxonomy":"post_tag","embeddable":true,"href":"https:\/\/www.kirsehirses.com\/index.php\/wp-json\/wp\/v2\/tags?post=955"}],"curies":[{"name":"wp","href":"https:\/\/api.w.org\/{rel}","templated":true}]}}