{"id":958,"date":"2025-11-30T04:18:00","date_gmt":"2025-11-30T01:18:00","guid":{"rendered":"https:\/\/www.kirsehirses.com\/?p=958"},"modified":"2025-11-30T04:18:00","modified_gmt":"2025-11-30T01:18:00","slug":"kirsehirli-ogretmene-ingilterede-buyuk-odul","status":"publish","type":"post","link":"https:\/\/www.kirsehirses.com\/index.php\/2025\/11\/30\/kirsehirli-ogretmene-ingilterede-buyuk-odul\/","title":{"rendered":"K\u0131r\u015fehirli \u00d6\u011fretmene \u0130ngiltere&#8217;de B\u00fcy\u00fck \u00d6d\u00fcl"},"content":{"rendered":"<p><strong>K\u0131r\u015fehirli \u00d6\u011fretmene \u0130ngiltere&#8217;de B\u00fcy\u00fck \u00d6d\u00fcl<\/strong><\/p>\n<p>K\u0131r\u015fehir e\u011fitimci Aynur Beyaz\u0131t, uluslararas\u0131 ba\u015far\u0131s\u0131na bir yenisini ekleyerek \u0130ngiltere\u2019de d\u00fczenlenen \u201cShe Inspires Awards\u2019ta\u201d\u201cYa\u015fam Boyu Ba\u015far\u0131 \u00d6d\u00fcl\u00fc\u201dne lay\u0131k g\u00f6r\u00fcld\u00fc.<\/p>\n<p>D\u00fcnyan\u0131n farkl\u0131 \u00fclkelerinden kad\u0131nlar\u0131n ba\u015far\u0131lar\u0131n\u0131n \u00f6d\u00fcllendirildi\u011fi etkinlikte Beyaz\u0131t, T\u00fcrkiye\u2019yi temsil etti.<\/p>\n<p>Daha \u00f6nce farkl\u0131 i\u00e7erikli de\u011ferlendirmelerde uluslararas\u0131 alanda \u00f6d\u00fcller kazanan Aynur Beyaz\u0131t; \u00f6zel gereksinimli ve g\u00f6rme engelli bireyler i\u00e7in y\u00fcr\u00fctt\u00fc\u011f\u00fc e\u011fitim projeleri, sesli kitap \u00e7al\u0131\u015fmalar\u0131na katk\u0131s\u0131 ve g\u00f6n\u00fcll\u00fc \u00f6\u011fretmenlerle y\u00fcr\u00fctt\u00fc\u011f\u00fc yazarl\u0131k at\u00f6lyeleriyle \u00f6d\u00fcller alm\u0131\u015ft\u0131.<\/p>\n<p>Beyaz\u0131t\u2019\u0131n ba\u015far\u0131s\u0131, hem T\u00fcrkiye\u2019de hem de K\u0131r\u015fehir\u2019de gururla kar\u015f\u0131land\u0131.<\/p>\n","protected":false},"excerpt":{"rendered":"<p>K\u0131r\u015fehirli \u00d6\u011fretmene \u0130ngiltere&#8217;de B\u00fcy\u00fck \u00d6d\u00fcl K\u0131r\u015fehir e\u011fitimci Aynur Beyaz\u0131t, uluslararas\u0131 ba\u015far\u0131s\u0131na bir yenisini ekleyerek \u0130ngiltere\u2019de d\u00fczenlenen \u201cShe Inspires Awards\u2019ta\u201d\u201cYa\u015fam Boyu Ba\u015far\u0131 \u00d6d\u00fcl\u00fc\u201dne lay\u0131k g\u00f6r\u00fcld\u00fc. D\u00fcnyan\u0131n farkl\u0131 \u00fclkelerinden kad\u0131nlar\u0131n ba\u015far\u0131lar\u0131n\u0131n \u00f6d\u00fcllendirildi\u011fi etkinlikte Beyaz\u0131t, T\u00fcrkiye\u2019yi temsil etti. Daha \u00f6nce farkl\u0131 i\u00e7erikli de\u011ferlendirmelerde uluslararas\u0131 alanda \u00f6d\u00fcller kazanan Aynur Beyaz\u0131t; \u00f6zel gereksinimli ve g\u00f6rme engelli bireyler i\u00e7in y\u00fcr\u00fctt\u00fc\u011f\u00fc e\u011fitim [&hellip;]<\/p>\n","protected":false},"author":1,"featured_media":959,"comment_status":"open","ping_status":"open","sticky":false,"template":"","format":"standard","meta":{"footnotes":""},"categories":[10,8],"tags":[],"class_list":["post-958","post","type-post","status-publish","format-standard","has-post-thumbnail","hentry","category-egitim","category-kirsehir"],"_links":{"self":[{"href":"https:\/\/www.kirsehirses.com\/index.php\/wp-json\/wp\/v2\/posts\/958","targetHints":{"allow":["GET"]}}],"collection":[{"href":"https:\/\/www.kirsehirses.com\/index.php\/wp-json\/wp\/v2\/posts"}],"about":[{"href":"https:\/\/www.kirsehirses.com\/index.php\/wp-json\/wp\/v2\/types\/post"}],"author":[{"embeddable":true,"href":"https:\/\/www.kirsehirses.com\/index.php\/wp-json\/wp\/v2\/users\/1"}],"replies":[{"embeddable":true,"href":"https:\/\/www.kirsehirses.com\/index.php\/wp-json\/wp\/v2\/comments?post=958"}],"version-history":[{"count":1,"href":"https:\/\/www.kirsehirses.com\/index.php\/wp-json\/wp\/v2\/posts\/958\/revisions"}],"predecessor-version":[{"id":960,"href":"https:\/\/www.kirsehirses.com\/index.php\/wp-json\/wp\/v2\/posts\/958\/revisions\/960"}],"wp:featuredmedia":[{"embeddable":true,"href":"https:\/\/www.kirsehirses.com\/index.php\/wp-json\/wp\/v2\/media\/959"}],"wp:attachment":[{"href":"https:\/\/www.kirsehirses.com\/index.php\/wp-json\/wp\/v2\/media?parent=958"}],"wp:term":[{"taxonomy":"category","embeddable":true,"href":"https:\/\/www.kirsehirses.com\/index.php\/wp-json\/wp\/v2\/categories?post=958"},{"taxonomy":"post_tag","embeddable":true,"href":"https:\/\/www.kirsehirses.com\/index.php\/wp-json\/wp\/v2\/tags?post=958"}],"curies":[{"name":"wp","href":"https:\/\/api.w.org\/{rel}","templated":true}]}}