{"id":961,"date":"2025-11-30T04:20:47","date_gmt":"2025-11-30T01:20:47","guid":{"rendered":"https:\/\/www.kirsehirses.com\/?p=961"},"modified":"2025-11-30T04:20:47","modified_gmt":"2025-11-30T01:20:47","slug":"mucurda-evden-hirsizlik-suphesiyle-uc-kisi-yakalandi","status":"publish","type":"post","link":"https:\/\/www.kirsehirses.com\/index.php\/2025\/11\/30\/mucurda-evden-hirsizlik-suphesiyle-uc-kisi-yakalandi\/","title":{"rendered":"Mucur\u2019da Evden H\u0131rs\u0131zl\u0131k \u015e\u00fcphesiyle \u00dc\u00e7 Ki\u015fi Yakaland\u0131"},"content":{"rendered":"<h2 data-start=\"142\" data-end=\"202\"><strong data-start=\"145\" data-end=\"202\">Mucur\u2019da Evden H\u0131rs\u0131zl\u0131k \u015e\u00fcphesiyle \u00dc\u00e7 Ki\u015fi Yakaland\u0131<\/strong><\/h2>\n<p data-start=\"204\" data-end=\"533\">K\u0131r\u015fehir\u2019in Mucur il\u00e7esinde ya\u015fayan M.K., evinde bulunan yakla\u015f\u0131k 120 bin TL de\u011ferindeki alt\u0131nlar\u0131n ve ruhsatl\u0131 bir av t\u00fcfe\u011finin \u00e7al\u0131nd\u0131\u011f\u0131 y\u00f6n\u00fcnde jandarmaya ba\u015fvuruda bulundu. \u0130hbar \u00fczerine Jandarma Olay Yeri \u0130nceleme Timi (OY\u0130), Jandarma Su\u00e7 Ara\u015ft\u0131rma Timi (JASAT) ve asayi\u015f ekipleri taraf\u0131ndan kapsaml\u0131 bir \u00e7al\u0131\u015fma ba\u015flat\u0131ld\u0131.<\/p>\n<h3 data-start=\"535\" data-end=\"592\"><strong data-start=\"539\" data-end=\"592\">Kamera ve \u0130z \u0130ncelemeleriyle Kimlikler Belirlendi<\/strong><\/h3>\n<p data-start=\"594\" data-end=\"827\">Ekipler, g\u00fcvenlik kameras\u0131 g\u00f6r\u00fcnt\u00fcleri, parmak izi analizleri ve lastik izi incelemeleri sonucunda \u015f\u00fcphelilerin A.D., Y.K. ve H.\u00dc. oldu\u011fu tespit etti. Belirlenen adreslere d\u00fczenlenen operasyonla \u00fc\u00e7 \u015f\u00fcpheli k\u0131sa s\u00fcre i\u00e7inde yakaland\u0131.<\/p>\n<h3 data-start=\"829\" data-end=\"865\"><strong data-start=\"833\" data-end=\"865\">G\u00f6zalt\u0131 \u0130\u015flemleri Ba\u015flat\u0131ld\u0131<\/strong><\/h3>\n<p data-start=\"867\" data-end=\"978\">Cumhuriyet Savc\u0131s\u0131n\u0131n talimat\u0131 do\u011frultusunda \u015f\u00fcpheliler g\u00f6zalt\u0131na al\u0131narak haklar\u0131nda adli tahkikat ba\u015flat\u0131ld\u0131.<\/p>\n","protected":false},"excerpt":{"rendered":"<p>Mucur\u2019da Evden H\u0131rs\u0131zl\u0131k \u015e\u00fcphesiyle \u00dc\u00e7 Ki\u015fi Yakaland\u0131 K\u0131r\u015fehir\u2019in Mucur il\u00e7esinde ya\u015fayan M.K., evinde bulunan yakla\u015f\u0131k 120 bin TL de\u011ferindeki alt\u0131nlar\u0131n ve ruhsatl\u0131 bir av t\u00fcfe\u011finin \u00e7al\u0131nd\u0131\u011f\u0131 y\u00f6n\u00fcnde jandarmaya ba\u015fvuruda bulundu. \u0130hbar \u00fczerine Jandarma Olay Yeri \u0130nceleme Timi (OY\u0130), Jandarma Su\u00e7 Ara\u015ft\u0131rma Timi (JASAT) ve asayi\u015f ekipleri taraf\u0131ndan kapsaml\u0131 bir \u00e7al\u0131\u015fma ba\u015flat\u0131ld\u0131. Kamera ve \u0130z \u0130ncelemeleriyle [&hellip;]<\/p>\n","protected":false},"author":1,"featured_media":452,"comment_status":"open","ping_status":"open","sticky":false,"template":"","format":"standard","meta":{"footnotes":""},"categories":[8],"tags":[],"class_list":["post-961","post","type-post","status-publish","format-standard","has-post-thumbnail","hentry","category-kirsehir"],"_links":{"self":[{"href":"https:\/\/www.kirsehirses.com\/index.php\/wp-json\/wp\/v2\/posts\/961","targetHints":{"allow":["GET"]}}],"collection":[{"href":"https:\/\/www.kirsehirses.com\/index.php\/wp-json\/wp\/v2\/posts"}],"about":[{"href":"https:\/\/www.kirsehirses.com\/index.php\/wp-json\/wp\/v2\/types\/post"}],"author":[{"embeddable":true,"href":"https:\/\/www.kirsehirses.com\/index.php\/wp-json\/wp\/v2\/users\/1"}],"replies":[{"embeddable":true,"href":"https:\/\/www.kirsehirses.com\/index.php\/wp-json\/wp\/v2\/comments?post=961"}],"version-history":[{"count":1,"href":"https:\/\/www.kirsehirses.com\/index.php\/wp-json\/wp\/v2\/posts\/961\/revisions"}],"predecessor-version":[{"id":962,"href":"https:\/\/www.kirsehirses.com\/index.php\/wp-json\/wp\/v2\/posts\/961\/revisions\/962"}],"wp:featuredmedia":[{"embeddable":true,"href":"https:\/\/www.kirsehirses.com\/index.php\/wp-json\/wp\/v2\/media\/452"}],"wp:attachment":[{"href":"https:\/\/www.kirsehirses.com\/index.php\/wp-json\/wp\/v2\/media?parent=961"}],"wp:term":[{"taxonomy":"category","embeddable":true,"href":"https:\/\/www.kirsehirses.com\/index.php\/wp-json\/wp\/v2\/categories?post=961"},{"taxonomy":"post_tag","embeddable":true,"href":"https:\/\/www.kirsehirses.com\/index.php\/wp-json\/wp\/v2\/tags?post=961"}],"curies":[{"name":"wp","href":"https:\/\/api.w.org\/{rel}","templated":true}]}}