{"id":963,"date":"2025-11-30T04:22:59","date_gmt":"2025-11-30T01:22:59","guid":{"rendered":"https:\/\/www.kirsehirses.com\/?p=963"},"modified":"2025-11-30T04:22:59","modified_gmt":"2025-11-30T01:22:59","slug":"egitim-fakultesi-erasmus-iklim-degisikligi-projesinin-acilis-toplantisina-ev-sahipligi-yapti","status":"publish","type":"post","link":"https:\/\/www.kirsehirses.com\/index.php\/2025\/11\/30\/egitim-fakultesi-erasmus-iklim-degisikligi-projesinin-acilis-toplantisina-ev-sahipligi-yapti\/","title":{"rendered":"E\u011fitim Fak\u00fcltesi, Erasmus+ \u0130klim De\u011fi\u015fikli\u011fi Projesinin A\u00e7\u0131l\u0131\u015f Toplant\u0131s\u0131na Ev Sahipli\u011fi Yapt\u0131"},"content":{"rendered":"<h2 data-start=\"163\" data-end=\"264\"><strong data-start=\"166\" data-end=\"264\">E\u011fitim Fak\u00fcltesi, Erasmus+ \u0130klim De\u011fi\u015fikli\u011fi Projesinin A\u00e7\u0131l\u0131\u015f Toplant\u0131s\u0131na Ev Sahipli\u011fi Yapt\u0131<\/strong><\/h2>\n<h3 data-start=\"266\" data-end=\"322\"><strong data-start=\"270\" data-end=\"322\">Uluslararas\u0131 \u0130\u015f Birli\u011fini G\u00fc\u00e7lendiren Yeni Proje<\/strong><\/h3>\n<p data-start=\"324\" data-end=\"778\">K\u0131r\u015fehir Ahi Evran \u00dcniversitesi, uluslararas\u0131 i\u015f birliklerine verdi\u011fi \u00f6nem do\u011frultusunda yeni bir Erasmus+ projesine daha ev sahipli\u011fi yapt\u0131. Avrupa Birli\u011fi Ba\u015fkanl\u0131\u011f\u0131 T\u00fcrkiye Ulusal Ajans\u0131 taraf\u0131ndan, Erasmus+ Program\u0131 \u0130\u015f Birli\u011fi i\u00e7in Ortakl\u0131klar kapsam\u0131nda desteklenen \u201cImproving EU Undergraduates\u2019 Climate Change Awareness, Sense of Responsibility and Psychological Well-Being\u201d ba\u015fl\u0131kl\u0131 projenin a\u00e7\u0131l\u0131\u015f toplant\u0131s\u0131 E\u011fitim Fak\u00fcltesinde ger\u00e7ekle\u015ftirildi.<\/p>\n<h3 data-start=\"780\" data-end=\"817\"><strong data-start=\"784\" data-end=\"817\">D\u00f6rt \u00dclkeden Kat\u0131l\u0131m Sa\u011fland\u0131<\/strong><\/h3>\n<p data-start=\"819\" data-end=\"1103\">\u00dcniversitenin koordinat\u00f6r oldu\u011fu projede Prof. Dr. Mutlu P\u0131nar Demirci G\u00fcler, Prof. Dr. Dilek Gen\u00e7tan\u0131r\u0131m Kurt ve Prof. Dr. Erhan G\u00fcne\u015f toplant\u0131ya ev sahipli\u011fi yapt\u0131. Romanya, Avusturya, Finlandiya ve T\u00fcrkiye\u2019den akademisyenlerin yer ald\u0131\u011f\u0131 proje ortaklar\u0131 toplant\u0131ya kat\u0131l\u0131m sa\u011flad\u0131.<\/p>\n<h3 data-start=\"1105\" data-end=\"1169\"><strong data-start=\"1109\" data-end=\"1169\">Proje S\u00fcrecine Y\u00f6nelik Kapsaml\u0131 De\u011ferlendirmeler Yap\u0131ld\u0131<\/strong><\/h3>\n<p data-start=\"1171\" data-end=\"1396\">\u0130ki g\u00fcn s\u00fcren programda proje hedefleri, \u00e7al\u0131\u015fma paketleri ve uygulama takvimi \u00fczerine ayr\u0131nt\u0131l\u0131 de\u011ferlendirmeler ger\u00e7ekle\u015ftirildi. Kat\u0131l\u0131mc\u0131lar, proje s\u00fcrecine y\u00f6nelik g\u00f6r\u00fc\u015f ve \u00f6nerilerini payla\u015farak \u00e7al\u0131\u015fmalara katk\u0131 sundu.<\/p>\n<h3 data-start=\"1398\" data-end=\"1448\"><strong data-start=\"1402\" data-end=\"1448\">Proje Bayra\u011f\u0131 Avusturya Ekibine Devredildi<\/strong><\/h3>\n<p data-start=\"1450\" data-end=\"1714\">Toplant\u0131n\u0131n kapan\u0131\u015f oturumunda, projenin bir sonraki uluslararas\u0131 bulu\u015fmas\u0131na ev sahipli\u011fi yapacak olan Avusturya ekibine proje bayra\u011f\u0131 teslim edildi. Yeni planlama d\u00f6neminin \u00e7er\u00e7evesi \u00e7izilerek proje s\u00fcrecinin bir sonraki a\u015famas\u0131na y\u00f6nelik haz\u0131rl\u0131klar tamamland\u0131.<\/p>\n","protected":false},"excerpt":{"rendered":"<p>E\u011fitim Fak\u00fcltesi, Erasmus+ \u0130klim De\u011fi\u015fikli\u011fi Projesinin A\u00e7\u0131l\u0131\u015f Toplant\u0131s\u0131na Ev Sahipli\u011fi Yapt\u0131 Uluslararas\u0131 \u0130\u015f Birli\u011fini G\u00fc\u00e7lendiren Yeni Proje K\u0131r\u015fehir Ahi Evran \u00dcniversitesi, uluslararas\u0131 i\u015f birliklerine verdi\u011fi \u00f6nem do\u011frultusunda yeni bir Erasmus+ projesine daha ev sahipli\u011fi yapt\u0131. Avrupa Birli\u011fi Ba\u015fkanl\u0131\u011f\u0131 T\u00fcrkiye Ulusal Ajans\u0131 taraf\u0131ndan, Erasmus+ Program\u0131 \u0130\u015f Birli\u011fi i\u00e7in Ortakl\u0131klar kapsam\u0131nda desteklenen \u201cImproving EU Undergraduates\u2019 Climate Change [&hellip;]<\/p>\n","protected":false},"author":1,"featured_media":964,"comment_status":"open","ping_status":"open","sticky":false,"template":"","format":"standard","meta":{"footnotes":""},"categories":[10,8],"tags":[],"class_list":["post-963","post","type-post","status-publish","format-standard","has-post-thumbnail","hentry","category-egitim","category-kirsehir"],"_links":{"self":[{"href":"https:\/\/www.kirsehirses.com\/index.php\/wp-json\/wp\/v2\/posts\/963","targetHints":{"allow":["GET"]}}],"collection":[{"href":"https:\/\/www.kirsehirses.com\/index.php\/wp-json\/wp\/v2\/posts"}],"about":[{"href":"https:\/\/www.kirsehirses.com\/index.php\/wp-json\/wp\/v2\/types\/post"}],"author":[{"embeddable":true,"href":"https:\/\/www.kirsehirses.com\/index.php\/wp-json\/wp\/v2\/users\/1"}],"replies":[{"embeddable":true,"href":"https:\/\/www.kirsehirses.com\/index.php\/wp-json\/wp\/v2\/comments?post=963"}],"version-history":[{"count":1,"href":"https:\/\/www.kirsehirses.com\/index.php\/wp-json\/wp\/v2\/posts\/963\/revisions"}],"predecessor-version":[{"id":965,"href":"https:\/\/www.kirsehirses.com\/index.php\/wp-json\/wp\/v2\/posts\/963\/revisions\/965"}],"wp:featuredmedia":[{"embeddable":true,"href":"https:\/\/www.kirsehirses.com\/index.php\/wp-json\/wp\/v2\/media\/964"}],"wp:attachment":[{"href":"https:\/\/www.kirsehirses.com\/index.php\/wp-json\/wp\/v2\/media?parent=963"}],"wp:term":[{"taxonomy":"category","embeddable":true,"href":"https:\/\/www.kirsehirses.com\/index.php\/wp-json\/wp\/v2\/categories?post=963"},{"taxonomy":"post_tag","embeddable":true,"href":"https:\/\/www.kirsehirses.com\/index.php\/wp-json\/wp\/v2\/tags?post=963"}],"curies":[{"name":"wp","href":"https:\/\/api.w.org\/{rel}","templated":true}]}}