{"id":972,"date":"2025-11-30T04:31:07","date_gmt":"2025-11-30T01:31:07","guid":{"rendered":"https:\/\/www.kirsehirses.com\/?p=972"},"modified":"2025-11-30T04:33:09","modified_gmt":"2025-11-30T01:33:09","slug":"sominede-zehirlenen-genc-hayatini-kaybetti","status":"publish","type":"post","link":"https:\/\/www.kirsehirses.com\/index.php\/2025\/11\/30\/sominede-zehirlenen-genc-hayatini-kaybetti\/","title":{"rendered":"\u015e\u00f6minede Zehirlenen Gen\u00e7 Hayat\u0131n\u0131 Kaybetti"},"content":{"rendered":"<p><strong>\u015e\u00f6minede Zehirlenen Gen\u00e7 Hayat\u0131n\u0131 Kaybetti<\/strong><\/p>\n<p>Kuzey K\u0131br\u0131s T\u00fcrk Cumhuriyeti\u2019nde bir otelde \u00e7al\u0131\u015fan 31 ya\u015f\u0131ndaki U\u011fur \u00c7il, ikametinde \u00f6l\u00fc bulundu.<\/p>\n<p>Yap\u0131lan incelemelerde \u00c7il\u2019in konaklad\u0131\u011f\u0131 ikametinde bulunan \u015f\u00f6mineden yay\u0131lan dumandan zehirlenerek hayat\u0131n\u0131 kaybetti\u011fi anla\u015f\u0131ld\u0131.<\/p>\n<p>\u0130ki g\u00fcn \u00f6nce (27 Kas\u0131m) saat 16.30 s\u0131ralar\u0131nda ikametinde \u00f6l\u00fc bulunan U\u011fur \u00c7il\u2019in K\u0131r\u015fehir Merkez Karah\u0131d\u0131r K\u00f6y\u00fc n\u00fcfusuna kay\u0131tl\u0131 oldu\u011fu \u00f6\u011frenildi.<\/p>\n<p>\u00d6l\u00fcm\u00fc b\u00fcy\u00fck \u00fcz\u00fcnt\u00fcye neden olan \u00c7il\u2019in cenazesi k\u00f6y\u00fcne getirildi. Merhum i\u00e7in bug\u00fcn \u00f6\u011fle namaz\u0131na m\u00fcteakip Karah\u0131d\u0131r K\u00f6y\u00fc Camii\u2019nde cenaze namaz\u0131 k\u0131l\u0131narak k\u00f6y\u00fcnde topra\u011fa verilecek.<\/p>\n<p>K\u0131r\u015fehir Ses Haber olarak merhuma Allah\u2019tan rahmet, ailesi ve yak\u0131nlar\u0131na ba\u015fsa\u011fl\u0131\u011f\u0131 dileriz.<\/p>\n","protected":false},"excerpt":{"rendered":"<p>\u015e\u00f6minede Zehirlenen Gen\u00e7 Hayat\u0131n\u0131 Kaybetti Kuzey K\u0131br\u0131s T\u00fcrk Cumhuriyeti\u2019nde bir otelde \u00e7al\u0131\u015fan 31 ya\u015f\u0131ndaki U\u011fur \u00c7il, ikametinde \u00f6l\u00fc bulundu. Yap\u0131lan incelemelerde \u00c7il\u2019in konaklad\u0131\u011f\u0131 ikametinde bulunan \u015f\u00f6mineden yay\u0131lan dumandan zehirlenerek hayat\u0131n\u0131 kaybetti\u011fi anla\u015f\u0131ld\u0131. \u0130ki g\u00fcn \u00f6nce (27 Kas\u0131m) saat 16.30 s\u0131ralar\u0131nda ikametinde \u00f6l\u00fc bulunan U\u011fur \u00c7il\u2019in K\u0131r\u015fehir Merkez Karah\u0131d\u0131r K\u00f6y\u00fc n\u00fcfusuna kay\u0131tl\u0131 oldu\u011fu \u00f6\u011frenildi. \u00d6l\u00fcm\u00fc b\u00fcy\u00fck [&hellip;]<\/p>\n","protected":false},"author":1,"featured_media":976,"comment_status":"open","ping_status":"open","sticky":false,"template":"","format":"standard","meta":{"footnotes":""},"categories":[8],"tags":[],"class_list":["post-972","post","type-post","status-publish","format-standard","has-post-thumbnail","hentry","category-kirsehir"],"_links":{"self":[{"href":"https:\/\/www.kirsehirses.com\/index.php\/wp-json\/wp\/v2\/posts\/972","targetHints":{"allow":["GET"]}}],"collection":[{"href":"https:\/\/www.kirsehirses.com\/index.php\/wp-json\/wp\/v2\/posts"}],"about":[{"href":"https:\/\/www.kirsehirses.com\/index.php\/wp-json\/wp\/v2\/types\/post"}],"author":[{"embeddable":true,"href":"https:\/\/www.kirsehirses.com\/index.php\/wp-json\/wp\/v2\/users\/1"}],"replies":[{"embeddable":true,"href":"https:\/\/www.kirsehirses.com\/index.php\/wp-json\/wp\/v2\/comments?post=972"}],"version-history":[{"count":1,"href":"https:\/\/www.kirsehirses.com\/index.php\/wp-json\/wp\/v2\/posts\/972\/revisions"}],"predecessor-version":[{"id":974,"href":"https:\/\/www.kirsehirses.com\/index.php\/wp-json\/wp\/v2\/posts\/972\/revisions\/974"}],"wp:featuredmedia":[{"embeddable":true,"href":"https:\/\/www.kirsehirses.com\/index.php\/wp-json\/wp\/v2\/media\/976"}],"wp:attachment":[{"href":"https:\/\/www.kirsehirses.com\/index.php\/wp-json\/wp\/v2\/media?parent=972"}],"wp:term":[{"taxonomy":"category","embeddable":true,"href":"https:\/\/www.kirsehirses.com\/index.php\/wp-json\/wp\/v2\/categories?post=972"},{"taxonomy":"post_tag","embeddable":true,"href":"https:\/\/www.kirsehirses.com\/index.php\/wp-json\/wp\/v2\/tags?post=972"}],"curies":[{"name":"wp","href":"https:\/\/api.w.org\/{rel}","templated":true}]}}