{"id":977,"date":"2025-11-30T04:35:00","date_gmt":"2025-11-30T01:35:00","guid":{"rendered":"https:\/\/www.kirsehirses.com\/?p=977"},"modified":"2025-11-30T04:35:00","modified_gmt":"2025-11-30T01:35:00","slug":"dunyaca-unlu-sef-cuneyt-asan-kirsehirde-genclerle-bulustu","status":"publish","type":"post","link":"https:\/\/www.kirsehirses.com\/index.php\/2025\/11\/30\/dunyaca-unlu-sef-cuneyt-asan-kirsehirde-genclerle-bulustu\/","title":{"rendered":"D\u00fcnyaca \u00dcnl\u00fc \u015eef C\u00fcneyt Asan K\u0131r\u015fehir\u2019de Gen\u00e7lerle Bulu\u015ftu"},"content":{"rendered":"<h2 data-start=\"149\" data-end=\"214\"><strong data-start=\"152\" data-end=\"214\">D\u00fcnyaca \u00dcnl\u00fc \u015eef C\u00fcneyt Asan K\u0131r\u015fehir\u2019de Gen\u00e7lerle Bulu\u015ftu<\/strong><\/h2>\n<h3 data-start=\"216\" data-end=\"265\"><strong data-start=\"220\" data-end=\"265\">\u201cKing of Meat\u201d Ba\u015far\u0131 Yolculu\u011funu Anlatt\u0131<\/strong><\/h3>\n<p data-start=\"267\" data-end=\"617\">King of Meat unvan\u0131yla uluslararas\u0131 alanda \u00fclkemizi temsil eden ve G\u00fcnayd\u0131n Et ve Restoran Grubu\u2019nun kurucu ortaklar\u0131ndan olan d\u00fcnyaca \u00fcnl\u00fc \u015fef C\u00fcneyt Asan, K\u0131r\u015fehir\u2019de gen\u00e7lerle bir araya geldi. Valilik ve K\u0131r\u015fehir Ahi Evran \u00dcniversitesi i\u015f birli\u011fiyle d\u00fczenlenen konferansta Asan, ba\u015far\u0131 yolculu\u011funu ve mesleki deneyimlerini kat\u0131l\u0131mc\u0131larla payla\u015ft\u0131.<\/p>\n<h3 data-start=\"619\" data-end=\"653\"><strong data-start=\"623\" data-end=\"653\">Cesaret ve Yenilik Vurgusu<\/strong><\/h3>\n<p data-start=\"655\" data-end=\"983\">Ahi Evran Kongre ve K\u00fclt\u00fcr Merkezi\u2019nde ger\u00e7ekle\u015ftirilen s\u00f6yle\u015fide konu\u015fan Asan, kasapl\u0131k mesle\u011finde cesur ad\u0131mlar atarak \u00e7e\u015fitli ilkleri hayata ge\u00e7irdi\u011fini ve bu s\u00fcre\u00e7te hem kendisine hem de meslekta\u015flar\u0131na katk\u0131 sa\u011flad\u0131\u011f\u0131n\u0131 ifade etti. Kat\u0131l\u0131mc\u0131lara ilham veren deneyimlerini aktaran Asan, yenilik\u00e7i yakla\u015f\u0131m\u0131n \u00f6nemine de\u011findi.<\/p>\n<h3 data-start=\"985\" data-end=\"1036\"><strong data-start=\"989\" data-end=\"1036\">Gen\u00e7ler ve Akademisyenlerle Bir Araya Geldi<\/strong><\/h3>\n<p data-start=\"1038\" data-end=\"1275\">S\u00f6yle\u015fiye Vali Yard\u0131mc\u0131s\u0131 \u0130smail \u00c7etinkaya, Rekt\u00f6r Mustafa Kas\u0131m Karahocagil, akademik ve idari personel ile \u00e7ok say\u0131da \u00f6\u011frenci kat\u0131ld\u0131. Etkinlik, kat\u0131l\u0131mc\u0131lara mesleki motivasyon ve deneyim payla\u015f\u0131m\u0131 a\u00e7\u0131s\u0131ndan verimli bir ortam sa\u011flad\u0131.<\/p>\n","protected":false},"excerpt":{"rendered":"<p>D\u00fcnyaca \u00dcnl\u00fc \u015eef C\u00fcneyt Asan K\u0131r\u015fehir\u2019de Gen\u00e7lerle Bulu\u015ftu \u201cKing of Meat\u201d Ba\u015far\u0131 Yolculu\u011funu Anlatt\u0131 King of Meat unvan\u0131yla uluslararas\u0131 alanda \u00fclkemizi temsil eden ve G\u00fcnayd\u0131n Et ve Restoran Grubu\u2019nun kurucu ortaklar\u0131ndan olan d\u00fcnyaca \u00fcnl\u00fc \u015fef C\u00fcneyt Asan, K\u0131r\u015fehir\u2019de gen\u00e7lerle bir araya geldi. Valilik ve K\u0131r\u015fehir Ahi Evran \u00dcniversitesi i\u015f birli\u011fiyle d\u00fczenlenen konferansta Asan, ba\u015far\u0131 yolculu\u011funu [&hellip;]<\/p>\n","protected":false},"author":1,"featured_media":978,"comment_status":"open","ping_status":"open","sticky":false,"template":"","format":"standard","meta":{"footnotes":""},"categories":[8],"tags":[],"class_list":["post-977","post","type-post","status-publish","format-standard","has-post-thumbnail","hentry","category-kirsehir"],"_links":{"self":[{"href":"https:\/\/www.kirsehirses.com\/index.php\/wp-json\/wp\/v2\/posts\/977","targetHints":{"allow":["GET"]}}],"collection":[{"href":"https:\/\/www.kirsehirses.com\/index.php\/wp-json\/wp\/v2\/posts"}],"about":[{"href":"https:\/\/www.kirsehirses.com\/index.php\/wp-json\/wp\/v2\/types\/post"}],"author":[{"embeddable":true,"href":"https:\/\/www.kirsehirses.com\/index.php\/wp-json\/wp\/v2\/users\/1"}],"replies":[{"embeddable":true,"href":"https:\/\/www.kirsehirses.com\/index.php\/wp-json\/wp\/v2\/comments?post=977"}],"version-history":[{"count":1,"href":"https:\/\/www.kirsehirses.com\/index.php\/wp-json\/wp\/v2\/posts\/977\/revisions"}],"predecessor-version":[{"id":979,"href":"https:\/\/www.kirsehirses.com\/index.php\/wp-json\/wp\/v2\/posts\/977\/revisions\/979"}],"wp:featuredmedia":[{"embeddable":true,"href":"https:\/\/www.kirsehirses.com\/index.php\/wp-json\/wp\/v2\/media\/978"}],"wp:attachment":[{"href":"https:\/\/www.kirsehirses.com\/index.php\/wp-json\/wp\/v2\/media?parent=977"}],"wp:term":[{"taxonomy":"category","embeddable":true,"href":"https:\/\/www.kirsehirses.com\/index.php\/wp-json\/wp\/v2\/categories?post=977"},{"taxonomy":"post_tag","embeddable":true,"href":"https:\/\/www.kirsehirses.com\/index.php\/wp-json\/wp\/v2\/tags?post=977"}],"curies":[{"name":"wp","href":"https:\/\/api.w.org\/{rel}","templated":true}]}}