{"id":984,"date":"2025-11-30T22:30:24","date_gmt":"2025-11-30T19:30:24","guid":{"rendered":"https:\/\/www.kirsehirses.com\/?p=984"},"modified":"2025-11-30T22:30:24","modified_gmt":"2025-11-30T19:30:24","slug":"prof-dr-bengul-bolat-atam-asil-uyeligine-atandi","status":"publish","type":"post","link":"https:\/\/www.kirsehirses.com\/index.php\/2025\/11\/30\/prof-dr-bengul-bolat-atam-asil-uyeligine-atandi\/","title":{"rendered":"Prof. Dr. Beng\u00fcl Bolat, ATAM Asil \u00dcyeli\u011fine Atand\u0131"},"content":{"rendered":"<p><strong>Prof. Dr. Beng\u00fcl Bolat, ATAM Asil \u00dcyeli\u011fine Atand\u0131<\/strong><\/p>\n<p>K\u0131r\u015fehir Ahi Evran \u00dcniversitesi Fen-Edebiyat Fak\u00fcltesi Tarih B\u00f6l\u00fcm\u00fc Cumhuriyet Tarihi Anabilim Dal\u0131 \u00d6\u011fretim \u00dcyesi Prof. Dr. Beng\u00fcl Bolat, Atat\u00fcrk K\u00fclt\u00fcr, Dil ve Tarih Y\u00fcksek Kurumu, Atat\u00fcrk Ara\u015ft\u0131rma Merkezi Bilim Kurulu Asli \u00dcyeli\u011fine atand\u0131.<\/p>\n<p>Bu \u00fcyelik, Cumhuriyet Tarihi alan\u0131nda uzman akademisyenlerin yer ald\u0131\u011f\u0131 \u00f6nemli bir g\u00f6rev olarak kabul ediliyor.<\/p>\n<p>Prof. Dr. Beng\u00fcl Bolat, lisans e\u011fitimini 1994 y\u0131l\u0131nda Atat\u00fcrk \u00dcniversitesi, Fen-Edebiyat Fak\u00fcltesi Tarih b\u00f6l\u00fcm\u00fcnde tamamlad\u0131. 2001 y\u0131l\u0131nda Hacettepe \u00dcniversitesi Atat\u00fcrk \u0130lkeleri ve \u0130nk\u0131lap Tarihi Enstit\u00fcs\u00fc\u2019nde Y\u00fcksek Lisans, 2007 y\u0131l\u0131nda ise ayn\u0131 yerde doktora e\u011fitimini tamamlad\u0131.<\/p>\n<p>Akademik hayat\u0131na 1997 y\u0131l\u0131nda Gazi \u00dcniversitesi K\u0131r\u015fehir E\u011fitim Fak\u00fcltesi\u2019nde okutman olarak ba\u015flayan Bolat, 2006\u2019dan itibaren Ahi Evran \u00dcniversitesinin \u00e7e\u015fitli birimlerinde g\u00f6rev yapt\u0131.<\/p>\n<p>2008-2015 y\u0131llar\u0131 aras\u0131nda E\u011fitim Fak\u00fcltesi\u2019nde, 2015-2017 y\u0131llar\u0131nda ise \u0130ktisadi ve \u0130dari Bilimler Fak\u00fcltesi\u2019nde Yrd. Do\u00e7. Dr. unvan\u0131yla \u00e7al\u0131\u015fan Bolat, 2017-2023 d\u00f6neminde Fen-Edebiyat Fak\u00fcltesi Tarih B\u00f6l\u00fcm\u00fcnde do\u00e7ent olarak g\u00f6revini s\u00fcrd\u00fcrd\u00fc. 2023 y\u0131l\u0131nda profes\u00f6rl\u00fc\u011fe y\u00fckselen Bolat, akademik \u00e7al\u0131\u015fmalar\u0131n\u0131 Cumhuriyet Tarihi alan\u0131nda yo\u011funla\u015ft\u0131rd\u0131.<\/p>\n<p>T\u00fcrkiye Cumhuriyeti Tarihi ve Atat\u00fcrk \u0130lkeleri \u00fczerine \u00e7ok say\u0131da bilimsel \u00e7al\u0131\u015fma y\u00fcr\u00fcten Prof. Dr. Beng\u00fcl Bolat\u2019\u0131n Atat\u00fcrk Ara\u015ft\u0131rma Merkezi Bilim Kurulu \u00dcyeli\u011fine atanmas\u0131, akademik camiada da memnuniyetle kar\u015f\u0131land\u0131.<\/p>\n<p>Bolat, yeni g\u00f6reviyle T\u00fcrkiye\u2019nin yak\u0131n tarihine y\u00f6nelik \u00e7al\u0131\u015fmalara katk\u0131 sunmaya devam edecek.<\/p>\n","protected":false},"excerpt":{"rendered":"<p>Prof. Dr. Beng\u00fcl Bolat, ATAM Asil \u00dcyeli\u011fine Atand\u0131 K\u0131r\u015fehir Ahi Evran \u00dcniversitesi Fen-Edebiyat Fak\u00fcltesi Tarih B\u00f6l\u00fcm\u00fc Cumhuriyet Tarihi Anabilim Dal\u0131 \u00d6\u011fretim \u00dcyesi Prof. Dr. Beng\u00fcl Bolat, Atat\u00fcrk K\u00fclt\u00fcr, Dil ve Tarih Y\u00fcksek Kurumu, Atat\u00fcrk Ara\u015ft\u0131rma Merkezi Bilim Kurulu Asli \u00dcyeli\u011fine atand\u0131. Bu \u00fcyelik, Cumhuriyet Tarihi alan\u0131nda uzman akademisyenlerin yer ald\u0131\u011f\u0131 \u00f6nemli bir g\u00f6rev olarak kabul [&hellip;]<\/p>\n","protected":false},"author":1,"featured_media":985,"comment_status":"open","ping_status":"open","sticky":false,"template":"","format":"standard","meta":{"footnotes":""},"categories":[8],"tags":[],"class_list":["post-984","post","type-post","status-publish","format-standard","has-post-thumbnail","hentry","category-kirsehir"],"_links":{"self":[{"href":"https:\/\/www.kirsehirses.com\/index.php\/wp-json\/wp\/v2\/posts\/984","targetHints":{"allow":["GET"]}}],"collection":[{"href":"https:\/\/www.kirsehirses.com\/index.php\/wp-json\/wp\/v2\/posts"}],"about":[{"href":"https:\/\/www.kirsehirses.com\/index.php\/wp-json\/wp\/v2\/types\/post"}],"author":[{"embeddable":true,"href":"https:\/\/www.kirsehirses.com\/index.php\/wp-json\/wp\/v2\/users\/1"}],"replies":[{"embeddable":true,"href":"https:\/\/www.kirsehirses.com\/index.php\/wp-json\/wp\/v2\/comments?post=984"}],"version-history":[{"count":1,"href":"https:\/\/www.kirsehirses.com\/index.php\/wp-json\/wp\/v2\/posts\/984\/revisions"}],"predecessor-version":[{"id":986,"href":"https:\/\/www.kirsehirses.com\/index.php\/wp-json\/wp\/v2\/posts\/984\/revisions\/986"}],"wp:featuredmedia":[{"embeddable":true,"href":"https:\/\/www.kirsehirses.com\/index.php\/wp-json\/wp\/v2\/media\/985"}],"wp:attachment":[{"href":"https:\/\/www.kirsehirses.com\/index.php\/wp-json\/wp\/v2\/media?parent=984"}],"wp:term":[{"taxonomy":"category","embeddable":true,"href":"https:\/\/www.kirsehirses.com\/index.php\/wp-json\/wp\/v2\/categories?post=984"},{"taxonomy":"post_tag","embeddable":true,"href":"https:\/\/www.kirsehirses.com\/index.php\/wp-json\/wp\/v2\/tags?post=984"}],"curies":[{"name":"wp","href":"https:\/\/api.w.org\/{rel}","templated":true}]}}