{"id":987,"date":"2025-11-30T22:33:48","date_gmt":"2025-11-30T19:33:48","guid":{"rendered":"https:\/\/www.kirsehirses.com\/?p=987"},"modified":"2025-11-30T22:33:48","modified_gmt":"2025-11-30T19:33:48","slug":"kirsehire-87-yeni-guvenlik-araci-tahsis-edildi","status":"publish","type":"post","link":"https:\/\/www.kirsehirses.com\/index.php\/2025\/11\/30\/kirsehire-87-yeni-guvenlik-araci-tahsis-edildi\/","title":{"rendered":"K\u0131r\u015fehir\u2019e 87 Yeni G\u00fcvenlik Arac\u0131 Tahsis Edildi"},"content":{"rendered":"<p><strong>K\u0131r\u015fehir\u2019e 87 Yeni G\u00fcvenlik Arac\u0131 Tahsis Edildi<\/strong><\/p>\n<p>K\u0131r\u015fehir Valisi Murat Sefa Demiry\u00fcrek sosyal medya hesab\u0131nda yapt\u0131\u011f\u0131 a\u00e7\u0131klamada, K\u0131r\u015fehir\u2019e 87 g\u00fcvenlik arac\u0131 tahsis edildi\u011fini s\u00f6yledi.<\/p>\n<p>Cumhurba\u015fkan\u0131 Recep Tayyip Erdo\u011fan\u2019\u0131n te\u015frifleriyle d\u00fczenlenen ara\u00e7 teslim t\u00f6renine kat\u0131ld\u0131\u011f\u0131n\u0131 belirten Vali Demiry\u00fcrek, \u201c\u0130\u00e7i\u015fleri Bakanl\u0131\u011f\u0131m\u0131z koordinasyonunda al\u0131nan 9.200 yeni ara\u00e7tan, \u0130l Emniyet M\u00fcd\u00fcrl\u00fc\u011f\u00fcm\u00fcze 48, \u0130l Jandarma Komutanl\u0131\u011f\u0131m\u0131za ise 39 olmak \u00fczere ilimize toplam 87 ara\u00e7 tahsis edildi.\u201d dedi.<\/p>\n<p>Vali Demiry\u00fcrek, modern ara\u00e7lar\u0131n g\u00fcvenlik birimlerinin asayi\u015ften su\u00e7 ve su\u00e7lularla m\u00fccadeleki etkinli\u011fini art\u0131raca\u011f\u0131n\u0131 belirterek, desteklerinden dolay\u0131 Say\u0131n Cumhurba\u015fkan\u0131na, Say\u0131n \u0130\u00e7i\u015fleri Bakan\u0131na, \u0130l Genel Meclisi \u00fcyelerine ve K\u0131r\u015fehirli hay\u0131rseverlere te\u015fekk\u00fcr etti.<\/p>\n","protected":false},"excerpt":{"rendered":"<p>K\u0131r\u015fehir\u2019e 87 Yeni G\u00fcvenlik Arac\u0131 Tahsis Edildi K\u0131r\u015fehir Valisi Murat Sefa Demiry\u00fcrek sosyal medya hesab\u0131nda yapt\u0131\u011f\u0131 a\u00e7\u0131klamada, K\u0131r\u015fehir\u2019e 87 g\u00fcvenlik arac\u0131 tahsis edildi\u011fini s\u00f6yledi. Cumhurba\u015fkan\u0131 Recep Tayyip Erdo\u011fan\u2019\u0131n te\u015frifleriyle d\u00fczenlenen ara\u00e7 teslim t\u00f6renine kat\u0131ld\u0131\u011f\u0131n\u0131 belirten Vali Demiry\u00fcrek, \u201c\u0130\u00e7i\u015fleri Bakanl\u0131\u011f\u0131m\u0131z koordinasyonunda al\u0131nan 9.200 yeni ara\u00e7tan, \u0130l Emniyet M\u00fcd\u00fcrl\u00fc\u011f\u00fcm\u00fcze 48, \u0130l Jandarma Komutanl\u0131\u011f\u0131m\u0131za ise 39 olmak \u00fczere [&hellip;]<\/p>\n","protected":false},"author":1,"featured_media":988,"comment_status":"open","ping_status":"open","sticky":false,"template":"","format":"standard","meta":{"footnotes":""},"categories":[8],"tags":[],"class_list":["post-987","post","type-post","status-publish","format-standard","has-post-thumbnail","hentry","category-kirsehir"],"_links":{"self":[{"href":"https:\/\/www.kirsehirses.com\/index.php\/wp-json\/wp\/v2\/posts\/987","targetHints":{"allow":["GET"]}}],"collection":[{"href":"https:\/\/www.kirsehirses.com\/index.php\/wp-json\/wp\/v2\/posts"}],"about":[{"href":"https:\/\/www.kirsehirses.com\/index.php\/wp-json\/wp\/v2\/types\/post"}],"author":[{"embeddable":true,"href":"https:\/\/www.kirsehirses.com\/index.php\/wp-json\/wp\/v2\/users\/1"}],"replies":[{"embeddable":true,"href":"https:\/\/www.kirsehirses.com\/index.php\/wp-json\/wp\/v2\/comments?post=987"}],"version-history":[{"count":1,"href":"https:\/\/www.kirsehirses.com\/index.php\/wp-json\/wp\/v2\/posts\/987\/revisions"}],"predecessor-version":[{"id":989,"href":"https:\/\/www.kirsehirses.com\/index.php\/wp-json\/wp\/v2\/posts\/987\/revisions\/989"}],"wp:featuredmedia":[{"embeddable":true,"href":"https:\/\/www.kirsehirses.com\/index.php\/wp-json\/wp\/v2\/media\/988"}],"wp:attachment":[{"href":"https:\/\/www.kirsehirses.com\/index.php\/wp-json\/wp\/v2\/media?parent=987"}],"wp:term":[{"taxonomy":"category","embeddable":true,"href":"https:\/\/www.kirsehirses.com\/index.php\/wp-json\/wp\/v2\/categories?post=987"},{"taxonomy":"post_tag","embeddable":true,"href":"https:\/\/www.kirsehirses.com\/index.php\/wp-json\/wp\/v2\/tags?post=987"}],"curies":[{"name":"wp","href":"https:\/\/api.w.org\/{rel}","templated":true}]}}