{"id":996,"date":"2025-12-01T17:54:29","date_gmt":"2025-12-01T14:54:29","guid":{"rendered":"https:\/\/www.kirsehirses.com\/?p=996"},"modified":"2025-12-01T17:54:29","modified_gmt":"2025-12-01T14:54:29","slug":"kirsehir-ahi-evran-universitesi-41-yilinda-muharrem-ertasi-aniyor","status":"publish","type":"post","link":"https:\/\/www.kirsehirses.com\/index.php\/2025\/12\/01\/kirsehir-ahi-evran-universitesi-41-yilinda-muharrem-ertasi-aniyor\/","title":{"rendered":"K\u0131r\u015fehir Ahi Evran \u00dcniversitesi 41. Y\u0131l\u0131nda Muharrem Erta\u015f&#8217;\u0131 An\u0131yor"},"content":{"rendered":"<p><strong>K\u0131r\u015fehir Ahi Evran \u00dcniversitesi 41. Y\u0131l\u0131nda Muharrem Erta\u015f&#8217;\u0131 An\u0131yor<\/strong><\/p>\n<p>K\u0131r\u015fehir Ahi Evran \u00dcniversitesi (KAE\u00dc), Abdall\u0131k gelene\u011finin b\u00fcy\u00fck \u00fcstad\u0131 Muharrem Erta\u015f\u2019\u0131n vefat\u0131n\u0131n 41. y\u0131l d\u00f6n\u00fcm\u00fc vesilesiyle \u00f6zel bir anma program\u0131 d\u00fczenliyor.<br \/>\n\u200b\u00dcniversite b\u00fcnyesindeki Abdall\u0131k Gelene\u011fi ve Ne\u015fet Erta\u015f Uygulama ve Ara\u015ft\u0131rma Merkezi taraf\u0131ndan organize edilen &#8220;S\u00f6yle\u015fi ve Konser&#8221; etkinli\u011fi, k\u00fclt\u00fcrel miras\u0131 gelecek nesillere aktarmay\u0131 hedefliyor. Merkez M\u00fcd\u00fcr\u00fc Prof. Dr. Salahaddin Bekki\u2019nin konu\u015fmac\u0131 olarak yer alaca\u011f\u0131 programda; gelene\u011fin temsilcisi abdallar ve \u00fcniversitenin akademik kadrosu, usta ismin eserlerini seslendirecek.<br \/>\n\u200bProgram Bilgileri:<br \/>\n\ud83d\udcc5 Tarih: 03 Aral\u0131k 2025, \u00c7ar\u015famba<br \/>\n\u23f0 Saat: 13.00<br \/>\n\ud83d\udccd Yer: KAE\u00dc Kongre ve K\u00fclt\u00fcr Merkezi, Prof. Dr. Fuat Sezgin Salonu<\/p>\n","protected":false},"excerpt":{"rendered":"<p>K\u0131r\u015fehir Ahi Evran \u00dcniversitesi 41. Y\u0131l\u0131nda Muharrem Erta\u015f&#8217;\u0131 An\u0131yor K\u0131r\u015fehir Ahi Evran \u00dcniversitesi (KAE\u00dc), Abdall\u0131k gelene\u011finin b\u00fcy\u00fck \u00fcstad\u0131 Muharrem Erta\u015f\u2019\u0131n vefat\u0131n\u0131n 41. y\u0131l d\u00f6n\u00fcm\u00fc vesilesiyle \u00f6zel bir anma program\u0131 d\u00fczenliyor. \u200b\u00dcniversite b\u00fcnyesindeki Abdall\u0131k Gelene\u011fi ve Ne\u015fet Erta\u015f Uygulama ve Ara\u015ft\u0131rma Merkezi taraf\u0131ndan organize edilen &#8220;S\u00f6yle\u015fi ve Konser&#8221; etkinli\u011fi, k\u00fclt\u00fcrel miras\u0131 gelecek nesillere aktarmay\u0131 hedefliyor. Merkez [&hellip;]<\/p>\n","protected":false},"author":1,"featured_media":997,"comment_status":"open","ping_status":"open","sticky":false,"template":"","format":"standard","meta":{"footnotes":""},"categories":[8],"tags":[],"class_list":["post-996","post","type-post","status-publish","format-standard","has-post-thumbnail","hentry","category-kirsehir"],"_links":{"self":[{"href":"https:\/\/www.kirsehirses.com\/index.php\/wp-json\/wp\/v2\/posts\/996","targetHints":{"allow":["GET"]}}],"collection":[{"href":"https:\/\/www.kirsehirses.com\/index.php\/wp-json\/wp\/v2\/posts"}],"about":[{"href":"https:\/\/www.kirsehirses.com\/index.php\/wp-json\/wp\/v2\/types\/post"}],"author":[{"embeddable":true,"href":"https:\/\/www.kirsehirses.com\/index.php\/wp-json\/wp\/v2\/users\/1"}],"replies":[{"embeddable":true,"href":"https:\/\/www.kirsehirses.com\/index.php\/wp-json\/wp\/v2\/comments?post=996"}],"version-history":[{"count":1,"href":"https:\/\/www.kirsehirses.com\/index.php\/wp-json\/wp\/v2\/posts\/996\/revisions"}],"predecessor-version":[{"id":998,"href":"https:\/\/www.kirsehirses.com\/index.php\/wp-json\/wp\/v2\/posts\/996\/revisions\/998"}],"wp:featuredmedia":[{"embeddable":true,"href":"https:\/\/www.kirsehirses.com\/index.php\/wp-json\/wp\/v2\/media\/997"}],"wp:attachment":[{"href":"https:\/\/www.kirsehirses.com\/index.php\/wp-json\/wp\/v2\/media?parent=996"}],"wp:term":[{"taxonomy":"category","embeddable":true,"href":"https:\/\/www.kirsehirses.com\/index.php\/wp-json\/wp\/v2\/categories?post=996"},{"taxonomy":"post_tag","embeddable":true,"href":"https:\/\/www.kirsehirses.com\/index.php\/wp-json\/wp\/v2\/tags?post=996"}],"curies":[{"name":"wp","href":"https:\/\/api.w.org\/{rel}","templated":true}]}}